{"id":259894,"date":"2014-03-14T13:13:36","date_gmt":"2014-03-14T12:13:36","guid":{"rendered":"http:\/\/www.ivg.it\/?p=259894"},"modified":"2014-03-14T17:32:15","modified_gmt":"2014-03-14T16:32:15","slug":"savona-ha-celebrato-la-festa-del-tricolore-piu-di-400-bambini-hanno-ricevuto-la-bandiera-italiana","status":"publish","type":"post","link":"https:\/\/staging.ivg.it\/2014\/03\/savona-ha-celebrato-la-festa-del-tricolore-piu-di-400-bambini-hanno-ricevuto-la-bandiera-italiana\/","title":{"rendered":"Savona ha celebrato la Festa del Tricolore: pi\u00f9 di 400 bambini hanno ricevuto la bandiera italiana"},"content":{"rendered":"<p><strong>Savona<\/strong>. Questa mattina, venerd\u00ec 14 marzo. si \u00e8 tenuta in piazza Sisto IV a Savona la Festa del Tricolore, a cura dei tre Lions Club presenti in citt\u00e0, Savona Host, Savona Priamar e Savona Torretta, alla presenza delle autorit\u00e0 cittadine, civili, militari e religiose, con la consegna di un tricolore a ciascun scolaro di quinta elementare della comunit\u00e0 savonese.<\/p>\n<p>Il codice etico dei Lions club recita, tra l&#8217;altro, il dover avere sempre presente i doveri del cittadino verso la Patria, lo Stato, la comunit\u00e0 nella quale ciascuno vive. Da qui nasce lo spunto che ha, anche quest&#8217;anno, portato i Lions savonesi, su spinta del distretto 108 la3 e del suo Governatore Renato Dabormida, a realizzare questo Service.<\/p>\n<p>&#8220;Anche questo piccolo service aiuter\u00e0 a ricordare il valore del vessillo che rappresenta la nostra Patria, il rispetto per la bandiera, l&#8217;attaccamento alla nazione e ai suoi simboli&#8221; ricordano insieme i Lions savonesi.<\/p>\n<p>La consegna \u00e8 avvenuta in occasione della \u201cGiornata nazionale di azione didattica per la Costituzione, per la Bandiera e per l&#8217;Unit\u00e0 nazionale\u201d. Le bandiere sono state distribuite a pi\u00f9 di 400 alunni delle scuole elementari savonesi; l&#8217;alzabandiera e l&#8217;esecuzione dell&#8217;inno italiano hanno completato l&#8217;evento, insieme ai saluti delle autorit\u00e0 compreso quello del sindaco di Savona Federico Berruti che ha accolto gli alunni in piazza davanti a Palazzo Civico.<\/p>\n","protected":false},"excerpt":{"rendered":"<p>Savona. Questa mattina, venerd\u00ec 14 marzo. si \u00e8 tenuta in piazza Sisto IV a Savona la Festa del Tricolore, a cura dei tre Lions Club presenti in citt\u00e0, Savona Host, Savona Priamar e Savona Torretta, alla presenza delle autorit\u00e0 cittadine, civili, militari e religiose, con la consegna di un tricolore a ciascun scolaro di quinta [&hellip;]<\/p>\n","protected":false},"author":13744,"featured_media":0,"comment_status":"open","ping_status":"closed","sticky":false,"template":"","format":"standard","meta":{"footnotes":""},"categories":[],"tags":[3938,85850],"class_list":["post-259894","post","type-post","status-publish","format-standard","hentry","tag-lions-club","tag-savona","post_cat_citta-savona"],"amp_validity":null,"amp_enabled":true,"_links":{"self":[{"href":"https:\/\/staging.ivg.it\/ediapi\/wp\/v2\/posts\/259894","targetHints":{"allow":["GET"]}}],"collection":[{"href":"https:\/\/staging.ivg.it\/ediapi\/wp\/v2\/posts"}],"about":[{"href":"https:\/\/staging.ivg.it\/ediapi\/wp\/v2\/types\/post"}],"author":[{"embeddable":true,"href":"https:\/\/staging.ivg.it\/ediapi\/wp\/v2\/users\/13744"}],"replies":[{"embeddable":true,"href":"https:\/\/staging.ivg.it\/ediapi\/wp\/v2\/comments?post=259894"}],"version-history":[{"count":0,"href":"https:\/\/staging.ivg.it\/ediapi\/wp\/v2\/posts\/259894\/revisions"}],"wp:attachment":[{"href":"https:\/\/staging.ivg.it\/ediapi\/wp\/v2\/media?parent=259894"}],"wp:term":[{"taxonomy":"category","embeddable":true,"href":"https:\/\/staging.ivg.it\/ediapi\/wp\/v2\/categories?post=259894"},{"taxonomy":"post_tag","embeddable":true,"href":"https:\/\/staging.ivg.it\/ediapi\/wp\/v2\/tags?post=259894"}],"curies":[{"name":"wp","href":"https:\/\/api.w.org\/{rel}","templated":true}]}}