{"id":259884,"date":"2014-03-14T11:59:58","date_gmt":"2014-03-14T10:59:58","guid":{"rendered":"http:\/\/www.ivg.it\/?p=259884"},"modified":"2014-03-14T17:31:59","modified_gmt":"2014-03-14T16:31:59","slug":"savona-concerto-della-banda-forzano-al-chiabrera-per-unita-ditalia-e-festa-patronale-del-18-marzo","status":"publish","type":"post","link":"https:\/\/staging.ivg.it\/2014\/03\/savona-concerto-della-banda-forzano-al-chiabrera-per-unita-ditalia-e-festa-patronale-del-18-marzo\/","title":{"rendered":"Savona, concerto della Banda Forzano al Chiabrera per Unit\u00e0 d&#8217;Italia e festa patronale del 18 marzo"},"content":{"rendered":"<p><strong>Savona.<\/strong> Luned\u00ec 17 marzo alle ore 21,00 presso il Teatro Chiabrera si terr\u00e0 il tradizionale concerto dell&#8217;Orchestra di fiati \u201cA.Forzano\u201d diretta dal Maestro Igor Barra, in occasione della ricorrenza del 478\u00b0 dell&#8217;Apparizione di N.S. Di Misericordia, Patrona della Citt\u00e0, offerto alla cittadinanza.<\/p>\n<p>L&#8217;evento \u00e8 reso possibile dal contributo e sostegno del Comune di Savona e della Fondazione \u201cA.De Mari\u201d Cassa di Risparmio di Savona, ed \u00e8 patrocinato dalla Regione Liguria e dalla Provincia di Savona.<\/p>\n<p>\u201cOnorare la ricorrenza della Patrona della citt\u00e0, Nostra Signora della Misericordia, da sempre \u00e8 una festa iscritta nel patrimonio culturale e nella tradizione della nostra Comunit\u00e0: una ricorrenza cara a tutti i savonesi\u201d, ricorda il presidente del Complesso Bandistico Citt\u00e0 di Savona \u201cA. Forzano\u201d Vittorio Pagnottone.<\/p>\n<p>Il tradizionale concerto si unisce in questa occasione ad una ricorrenza particolare. La Presidenza del Consiglio dei Ministri, con circolare datata 3 marzo 2014, ha sottolineato la necessit\u00e0 che nella data del 17 marzo, giorno della proclamazione nel 1861 dell&#8217;Unit\u00e0 d&#8217;Italia, si ravvivi e consolidi in tutto il Paese la memoria e il valore dell&#8217;unificazione del Paese. Con questi presupposti il Prefetto di Savona Gerardina Basilicata, d&#8217;intesa con il presidente della Provincia e il sindaco di Savona, ha concordato un momento celebrativo presso il Teatro Chiabrera, con inizio alle ore 21,00 e l&#8217;esecuzione dell&#8217;inno nazionale, cui seguir\u00e0 il concerto offerto dalla \u201cForzano\u201d alla cittadinanza savonese.<\/p>\n","protected":false},"excerpt":{"rendered":"<p>Savona. Luned\u00ec 17 marzo alle ore 21,00 presso il Teatro Chiabrera si terr\u00e0 il tradizionale concerto dell&#8217;Orchestra di fiati \u201cA.Forzano\u201d diretta dal Maestro Igor Barra, in occasione della ricorrenza del 478\u00b0 dell&#8217;Apparizione di N.S. Di Misericordia, Patrona della Citt\u00e0, offerto alla cittadinanza. L&#8217;evento \u00e8 reso possibile dal contributo e sostegno del Comune di Savona e [&hellip;]<\/p>\n","protected":false},"author":13744,"featured_media":0,"comment_status":"open","ping_status":"closed","sticky":false,"template":"","format":"standard","meta":{"footnotes":""},"categories":[],"tags":[7347,30596,85850,15194],"class_list":["post-259884","post","type-post","status-publish","format-standard","hentry","tag-18-marzo","tag-banda-forzano","tag-savona","tag-unita-ditalia","post_cat_citta-savona"],"amp_validity":null,"amp_enabled":true,"_links":{"self":[{"href":"https:\/\/staging.ivg.it\/ediapi\/wp\/v2\/posts\/259884","targetHints":{"allow":["GET"]}}],"collection":[{"href":"https:\/\/staging.ivg.it\/ediapi\/wp\/v2\/posts"}],"about":[{"href":"https:\/\/staging.ivg.it\/ediapi\/wp\/v2\/types\/post"}],"author":[{"embeddable":true,"href":"https:\/\/staging.ivg.it\/ediapi\/wp\/v2\/users\/13744"}],"replies":[{"embeddable":true,"href":"https:\/\/staging.ivg.it\/ediapi\/wp\/v2\/comments?post=259884"}],"version-history":[{"count":0,"href":"https:\/\/staging.ivg.it\/ediapi\/wp\/v2\/posts\/259884\/revisions"}],"wp:attachment":[{"href":"https:\/\/staging.ivg.it\/ediapi\/wp\/v2\/media?parent=259884"}],"wp:term":[{"taxonomy":"category","embeddable":true,"href":"https:\/\/staging.ivg.it\/ediapi\/wp\/v2\/categories?post=259884"},{"taxonomy":"post_tag","embeddable":true,"href":"https:\/\/staging.ivg.it\/ediapi\/wp\/v2\/tags?post=259884"}],"curies":[{"name":"wp","href":"https:\/\/api.w.org\/{rel}","templated":true}]}}