{"id":259827,"date":"2014-03-13T13:47:13","date_gmt":"2014-03-13T12:47:13","guid":{"rendered":"http:\/\/www.ivg.it\/?p=259827"},"modified":"2014-03-14T07:44:32","modified_gmt":"2014-03-14T06:44:32","slug":"sequestro-tirreno-power-tavolo-urgente-con-governo-si-lavora-fino-a-25-marzo","status":"publish","type":"post","link":"https:\/\/staging.ivg.it\/2014\/03\/sequestro-tirreno-power-tavolo-urgente-con-governo-si-lavora-fino-a-25-marzo\/","title":{"rendered":"Sequestro Tirreno Power, tavolo urgente col Governo: si lavora fino al 25 marzo"},"content":{"rendered":"<p><strong>Savona.<\/strong> Apertura urgente di un tavolo con il Ministero dello Sviluppo Economico e quello dell&#8217;Ambiente: questo l&#8217;obiettivo fissato durante il vertice della mattina in Prefettura tra la Rsu di Tirreno Power, le sigle sindacali e il Prefetto di Savona.<\/p>\n<p>&#8220;Da mesi chiediamo che ci sia l&#8217;intervento dei ministeri competenti &#8211; ha spiegato Fulvia Veirana, segretario provinciale di Cgil &#8211; al pi\u00f9 presto il Ministero dell&#8217;Ambiente deve chiarire che idee ha sul piano energetico nazionale su come Vado Ligure sta all&#8217;interno di quel piano. Devono essere chiari i vincoli di rispetto dell&#8217;ambiente perch\u00e8 non c&#8217;\u00e8 una guerra fra salute e lavoro, ma semmai la necessit\u00e0 urgente di farli convivere. L&#8217;azienda, poi, quei limiti li deve rispettare. Per la prima volta tutte le istituzioni unite ed i lavoratori hanno espresso la necessit\u00e0 di avere un tavolo che dia garanzie, sia dal punta di vista dei limiti che da quello delle prospettive per Vado&#8221;.<\/p>\n<p>Un tavolo a cui ovviamente parteciper\u00e0 anche l&#8217;azienda, che nel frattempo si \u00e8 impegnata a chiarire in tempi rapidi le questioni del sequestro e a decidere come intervenire in merito. L&#8217;obiettivo \u00e8 chiaro: rimettere al pi\u00f9 presto i gruppi in funzione, nel rispetto dei limiti previsti dalla normativa. &#8220;E&#8217; importante perch\u00e9 testimonia che l&#8217;azienda vuole rimanere sul territorio &#8211; dice Veirana &#8211; e vuole farlo rispettando i limiti&#8221;. Per quanto riguarda la copertura dei parchi carbone \u00e8 emerso che l&#8217;azienda \u00e8 in attesa dell&#8217;autorizzazione al progetto.<\/p>\n<p>A questo punto l&#8217;appuntamento \u00e8 per il 25 marzo con un nuovo incontro in Prefettura, in cui verificare quali saranno state le mosse dell&#8217;azienda e quale sar\u00e0 il contesto. Fino a quella data i dipendenti della centrale rimarranno &#8220;lavorativi&#8221; sfruttando i permessi e smaltendo le ferie dello scorso anno.<\/p>\n","protected":false},"excerpt":{"rendered":"<p>Savona. Apertura urgente di un tavolo con il Ministero dello Sviluppo Economico e quello dell&#8217;Ambiente: questo l&#8217;obiettivo fissato durante il vertice della mattina in Prefettura tra la Rsu di Tirreno Power, le sigle sindacali e il Prefetto di Savona. &#8220;Da mesi chiediamo che ci sia l&#8217;intervento dei ministeri competenti &#8211; ha spiegato Fulvia Veirana, segretario [&hellip;]<\/p>\n","protected":false},"author":13744,"featured_media":0,"comment_status":"open","ping_status":"closed","sticky":false,"template":"","format":"standard","meta":{"footnotes":""},"categories":[34],"tags":[52463,3931,85979],"class_list":["post-259827","post","type-post","status-publish","format-standard","hentry","category-cronaca","tag-sequestro-tirreno-power","tag-tirreno-power","tag-vado-ligure","post_cat_citta-savona","post_cat_citta-vado-ligure"],"amp_validity":null,"amp_enabled":true,"_links":{"self":[{"href":"https:\/\/staging.ivg.it\/ediapi\/wp\/v2\/posts\/259827","targetHints":{"allow":["GET"]}}],"collection":[{"href":"https:\/\/staging.ivg.it\/ediapi\/wp\/v2\/posts"}],"about":[{"href":"https:\/\/staging.ivg.it\/ediapi\/wp\/v2\/types\/post"}],"author":[{"embeddable":true,"href":"https:\/\/staging.ivg.it\/ediapi\/wp\/v2\/users\/13744"}],"replies":[{"embeddable":true,"href":"https:\/\/staging.ivg.it\/ediapi\/wp\/v2\/comments?post=259827"}],"version-history":[{"count":0,"href":"https:\/\/staging.ivg.it\/ediapi\/wp\/v2\/posts\/259827\/revisions"}],"wp:attachment":[{"href":"https:\/\/staging.ivg.it\/ediapi\/wp\/v2\/media?parent=259827"}],"wp:term":[{"taxonomy":"category","embeddable":true,"href":"https:\/\/staging.ivg.it\/ediapi\/wp\/v2\/categories?post=259827"},{"taxonomy":"post_tag","embeddable":true,"href":"https:\/\/staging.ivg.it\/ediapi\/wp\/v2\/tags?post=259827"}],"curies":[{"name":"wp","href":"https:\/\/api.w.org\/{rel}","templated":true}]}}