{"id":259753,"date":"2014-03-12T15:56:27","date_gmt":"2014-03-12T14:56:27","guid":{"rendered":"http:\/\/www.ivg.it\/?p=259753"},"modified":"2014-03-13T08:10:11","modified_gmt":"2014-03-13T07:10:11","slug":"a10-bloccata-da-questa-mattina-vaccarezza-basta-parlare-di-nuove-infrastrutture-e-ora-di-farle","status":"publish","type":"post","link":"https:\/\/staging.ivg.it\/2014\/03\/a10-bloccata-da-questa-mattina-vaccarezza-basta-parlare-di-nuove-infrastrutture-e-ora-di-farle\/","title":{"rendered":"A10 bloccata da questa mattina, Vaccarezza: &#8220;Basta parlare di nuove infrastrutture, \u00e8 ora di farle&#8221;"},"content":{"rendered":"<p><strong>Albisola Superiore<\/strong>. <em>Agg h 16:32<\/em> E&#8217; stata riaperta l&#8217;autostrada A10 dopo il ribaltamento di questa mattina di un camion che trasportava carne avvenuto nel tratto tra Albisola e Celle. A seguito dell&#8217;incidente si sono verificati anche micro tamponamenti per fortuna senza gravi conseguenze per i conducenti coinvolti.<\/p>\n<p>Proseguono, per\u00f2, i disagi per gli automobilisti con il casello di Savona intasato e code da Spotorno in direzione Genova, con mezzi ancora bloccati sulla carreggiata e lunghi tempi di percorrenza. Al momento, invece, si segnalano 8 chilometri di coda tra la complanare di Savona e Celle Ligure verso il capoluogo ligure.<\/p>\n<p>&#8211; Circolazione ancora bloccata sulla A10 e, di conseguenza, traffico in tilt sulla via Aurelia tra Albisola e Savona.<\/p>\n<p>I disagi proseguono interrottamente da questa mattina, quando un camion che trasportava generi alimentari si \u00e8 ribaltato sull&#8217;autostrada, tra il casello di Albisola e quello di Celle Ligure.<\/p>\n<p>Il tir si \u00e8 rovesciato interno alle 7,20 all&#8217;interno della galleria Pecorile, lasciando cadere il carico sull&#8217;asfalto. A preoccupare per\u00f2 \u00e8 soprattutto la fuoriuscita di gasolio, che dal mezzo pesante si \u00e8 propagato lungo tutta la carreggiata.<\/p>\n<p>Lunghe code, che hanno raggiunto anche i 7 km, si sono verificate in breve tempo in direzione Genova, complice la carreggiata ridotta ad una sola corsia.<\/p>\n<p>Angelo Vaccarezza, presidente della Provincia di Savona, afferma: &#8220;Forse \u00e8 arrivata l&#8217;ora, invece che parlare di nuove infrastrutture, di farle. E&#8217; un periodo in cui gli annunci si sprecano; c&#8217;\u00e8 la necessit\u00e0 di metterci mano velocemente. Ho ascoltato con grande attenzione tutti i sindaci che hanno delle perplessit\u00e0 sulla bretella che deve collegare Albenga e Predosa. O la realizziamo, o saremo sempre costretti ad essere cos\u00ec&#8221;.<\/p>\n<p>&#8220;L&#8217;operazione che ha fatto la Provincia di acquisire la Savona-Torino tramite l&#8217;Autostrada dei Fiori \u00e8 servita perch\u00e9 un&#8217;unica societ\u00e0 avesse due lati di questo possibile triangolo &#8211; prosegue Vaccarezza -. Il terzo lato pu\u00f2 essere finalmente edificato, c&#8217;\u00e8 un unico concessionario. Capisco le esigenze del territorio, rispettiamole tutte per\u00f2 facciamola, se no noi moriremo di traffico e prima o poi moriremo di solitudine perch\u00e9, a furia di stare in coda, la gente non verr\u00e0 pi\u00f9&#8221;.<\/p>\n<p>Il sindaco di Albisola Superiore, Franco Orsi, ribadisce: &#8220;L&#8217;esistenza di un&#8217;unica grande infrastruttura di trasporto veicolare che ha anche utilizzo urbano \u00e8 il problema della Liguria. Purtroppo il problema si aggrava quando ci sono degli incidenti come stamattina o la settimana scorsa&#8221;.<\/p>\n<p>&#8220;Almeno &#8211; ironizza il primo cittadino -, il centinaio di persone che sono in coda in futuro potranno godere di un bel paesaggio, non pi\u00f9 della fabbrica della ghiaia che oggi viene demolita&#8221;.<\/p>\n","protected":false},"excerpt":{"rendered":"<p>Albisola Superiore. Agg h 16:32 E&#8217; stata riaperta l&#8217;autostrada A10 dopo il ribaltamento di questa mattina di un camion che trasportava carne avvenuto nel tratto tra Albisola e Celle. A seguito dell&#8217;incidente si sono verificati anche micro tamponamenti per fortuna senza gravi conseguenze per i conducenti coinvolti. Proseguono, per\u00f2, i disagi per gli automobilisti con [&hellip;]<\/p>\n","protected":false},"author":13744,"featured_media":0,"comment_status":"open","ping_status":"closed","sticky":false,"template":"","format":"standard","meta":{"footnotes":""},"categories":[34],"tags":[789,11180,86016,2317,590,309],"class_list":["post-259753","post","type-post","status-publish","format-standard","hentry","category-cronaca","tag-a10","tag-albenga-predosa","tag-albisola-superiore","tag-angelo-vaccarezza","tag-autostrada","tag-incidente","post_cat_citta-albisola-superiore","post_cat_citta-albissola-marina","post_cat_citta-celle-ligure","post_cat_citta-savona"],"amp_validity":null,"amp_enabled":true,"_links":{"self":[{"href":"https:\/\/staging.ivg.it\/ediapi\/wp\/v2\/posts\/259753","targetHints":{"allow":["GET"]}}],"collection":[{"href":"https:\/\/staging.ivg.it\/ediapi\/wp\/v2\/posts"}],"about":[{"href":"https:\/\/staging.ivg.it\/ediapi\/wp\/v2\/types\/post"}],"author":[{"embeddable":true,"href":"https:\/\/staging.ivg.it\/ediapi\/wp\/v2\/users\/13744"}],"replies":[{"embeddable":true,"href":"https:\/\/staging.ivg.it\/ediapi\/wp\/v2\/comments?post=259753"}],"version-history":[{"count":0,"href":"https:\/\/staging.ivg.it\/ediapi\/wp\/v2\/posts\/259753\/revisions"}],"wp:attachment":[{"href":"https:\/\/staging.ivg.it\/ediapi\/wp\/v2\/media?parent=259753"}],"wp:term":[{"taxonomy":"category","embeddable":true,"href":"https:\/\/staging.ivg.it\/ediapi\/wp\/v2\/categories?post=259753"},{"taxonomy":"post_tag","embeddable":true,"href":"https:\/\/staging.ivg.it\/ediapi\/wp\/v2\/tags?post=259753"}],"curies":[{"name":"wp","href":"https:\/\/api.w.org\/{rel}","templated":true}]}}