{"id":259595,"date":"2014-03-10T12:43:11","date_gmt":"2014-03-10T11:43:11","guid":{"rendered":"http:\/\/www.ivg.it\/?p=259595"},"modified":"2014-03-11T08:35:47","modified_gmt":"2014-03-11T07:35:47","slug":"un-anno-con-papa-francesco-da-piana-crixia-itinerario-sulle-origini-italiane-del-pontefice","status":"publish","type":"post","link":"https:\/\/staging.ivg.it\/2014\/03\/un-anno-con-papa-francesco-da-piana-crixia-itinerario-sulle-origini-italiane-del-pontefice\/","title":{"rendered":"Un anno con Papa Francesco, da Piana Crixia &#8220;itinerario&#8221; sulle origini italiane del Pontefice"},"content":{"rendered":"<p><strong>Piana Crixia.<\/strong> Gioved\u00ec 13 marzo ricorre il primo anniversario dell&#8217;elezione di Papa Francesco. E&#8217; infatti passato un anno da quella suggestiva fumata bianca delle ore 19.06, quando la Cappella Sistina ha annunciato a tutto il mondo che il conclave aveva deciso il nome del successore di Ratzinger. Alle 20.13 l&#8217;Habemus Papam: &#8220;Jorge Mario Bergoglio \u00e8 il nuovo papa. <\/p>\n<p>\u00c8 argentino &#8220;arriva dalla fine del mondo&#8221; ma ha solide origini italiane&#8221;. Tutto ci\u00f2 ormai \u00e8 nella storia, quello che invece \u00e8 una novit\u00e0 per i valbormidesi, e in particolare per gli abitanti di Piana Crixia, \u00e8 che gioved\u00ec, alle 13.50, su Tv2000, andr\u00e0 in onda uno speciale, a cura di Mario Placidini, sulle &#8220;Origini italiane di papa Francesco&#8221;.<\/p>\n<p>L&#8217;itinerario partir\u00e0 da Piana Crixia, luogo natale di Rosa Margherita Vassallo, nonna paterna del pontefice, per proseguire a Portacomaro (Asti ) dove, nella parrocchia di San Bartolomeo, \u00e8 stato battezzato Giovanni Bergoglio nonno del Santo Padre, ed arrivare anche a Montechiaro d&#8217;Asti, luogo natale di Francesco Bergoglio, bisnonno del Papa. <\/p>\n<p>Nel corso del programma i sindaci, i parroci e gli abitanti dei tre paesi racconteranno la gioia provata nel giorno dell&#8217;elezione, e non mancheranno altre emozionanti testimonianze.<\/p>\n","protected":false},"excerpt":{"rendered":"<p>Piana Crixia. Gioved\u00ec 13 marzo ricorre il primo anniversario dell&#8217;elezione di Papa Francesco. E&#8217; infatti passato un anno da quella suggestiva fumata bianca delle ore 19.06, quando la Cappella Sistina ha annunciato a tutto il mondo che il conclave aveva deciso il nome del successore di Ratzinger. Alle 20.13 l&#8217;Habemus Papam: &#8220;Jorge Mario Bergoglio \u00e8 [&hellip;]<\/p>\n","protected":false},"author":10659,"featured_media":0,"comment_status":"open","ping_status":"closed","sticky":false,"template":"","format":"standard","meta":{"footnotes":""},"categories":[56],"tags":[46163,85938],"class_list":["post-259595","post","type-post","status-publish","format-standard","hentry","category-altre","tag-papa-francesco","tag-piana-crixia","post_cat_citta-andora"],"amp_validity":null,"amp_enabled":true,"_links":{"self":[{"href":"https:\/\/staging.ivg.it\/ediapi\/wp\/v2\/posts\/259595","targetHints":{"allow":["GET"]}}],"collection":[{"href":"https:\/\/staging.ivg.it\/ediapi\/wp\/v2\/posts"}],"about":[{"href":"https:\/\/staging.ivg.it\/ediapi\/wp\/v2\/types\/post"}],"author":[{"embeddable":true,"href":"https:\/\/staging.ivg.it\/ediapi\/wp\/v2\/users\/10659"}],"replies":[{"embeddable":true,"href":"https:\/\/staging.ivg.it\/ediapi\/wp\/v2\/comments?post=259595"}],"version-history":[{"count":0,"href":"https:\/\/staging.ivg.it\/ediapi\/wp\/v2\/posts\/259595\/revisions"}],"wp:attachment":[{"href":"https:\/\/staging.ivg.it\/ediapi\/wp\/v2\/media?parent=259595"}],"wp:term":[{"taxonomy":"category","embeddable":true,"href":"https:\/\/staging.ivg.it\/ediapi\/wp\/v2\/categories?post=259595"},{"taxonomy":"post_tag","embeddable":true,"href":"https:\/\/staging.ivg.it\/ediapi\/wp\/v2\/tags?post=259595"}],"curies":[{"name":"wp","href":"https:\/\/api.w.org\/{rel}","templated":true}]}}