{"id":259188,"date":"2014-03-04T17:03:41","date_gmt":"2014-03-04T16:03:41","guid":{"rendered":"http:\/\/www.ivg.it\/?p=259188"},"modified":"2014-03-04T20:18:20","modified_gmt":"2014-03-04T19:18:20","slug":"festa-della-donna-varigotti-inaugura-lopera-dellartista-nebbiolo","status":"publish","type":"post","link":"https:\/\/staging.ivg.it\/2014\/03\/festa-della-donna-varigotti-inaugura-lopera-dellartista-nebbiolo\/","title":{"rendered":"Festa della donna, a Varigotti inaugura l&#8217;opera dell&#8217;artista Nebiolo"},"content":{"rendered":"<p><strong>Finale.<\/strong> \u201cL\u2019arte \u00e8 bellezza, sensibilit\u00e0, passione, coraggio. L&#8217;arte \u00e8 l&#8217;essenza della vita quotidiana delle donne\u201d. Cos\u00ec la presidente dello Zonta Club di Finale Ligure Marinella Geremia ci spiega il senso dell&#8217;inaugurazione dell&#8217;opera di Mario Nebbiolo che avverr\u00e0 sabato 8 marzo in occasione della Festa Internazionale della donna a Varigotti.<\/p>\n<p>Lo scultore Nebiolo ha utilizzato come materia prima una roccia caduta da Capo Noli per scolpire &#8220;La moglie del pescatore&#8221;. <\/p>\n<p>Alle 16 presso l&#8217;Accademia di Varigotti un intervento musicale delle Donne dell&#8217;Accademia e poi un cameo di Viole per Enza, lo spettacolo punta di diamante della Campagna di sensibilizzazione di Zonta contro la violenza sulle donne che con gioved\u00ec 6 e venerd\u00ec 7 marzo chiude la sua tourn\u00e9e a Pietra e ad Albenga, dopo Finale e Genova.<\/p>\n<p>\u201cParlare di violenza, raccontarne \u00e8 quello che noi possiamo fare perch\u00e9 ricordiamoci che la conoscenza \u00e8 il primo passo verso il cambiamento\u201d. <\/p>\n","protected":false},"excerpt":{"rendered":"<p>Finale. \u201cL\u2019arte \u00e8 bellezza, sensibilit\u00e0, passione, coraggio. L&#8217;arte \u00e8 l&#8217;essenza della vita quotidiana delle donne\u201d. Cos\u00ec la presidente dello Zonta Club di Finale Ligure Marinella Geremia ci spiega il senso dell&#8217;inaugurazione dell&#8217;opera di Mario Nebbiolo che avverr\u00e0 sabato 8 marzo in occasione della Festa Internazionale della donna a Varigotti. Lo scultore Nebiolo ha utilizzato come [&hellip;]<\/p>\n","protected":false},"author":13744,"featured_media":0,"comment_status":"open","ping_status":"closed","sticky":false,"template":"","format":"standard","meta":{"footnotes":""},"categories":[],"tags":[506,7216,52227,85960,52226],"class_list":["post-259188","post","type-post","status-publish","format-standard","hentry","tag-donne","tag-festa-della-donna","tag-marinella-geremia","tag-varigotti","tag-zonta-club-finale","post_cat_citta-andora","post_cat_citta-finale-ligure"],"amp_validity":null,"amp_enabled":true,"_links":{"self":[{"href":"https:\/\/staging.ivg.it\/ediapi\/wp\/v2\/posts\/259188","targetHints":{"allow":["GET"]}}],"collection":[{"href":"https:\/\/staging.ivg.it\/ediapi\/wp\/v2\/posts"}],"about":[{"href":"https:\/\/staging.ivg.it\/ediapi\/wp\/v2\/types\/post"}],"author":[{"embeddable":true,"href":"https:\/\/staging.ivg.it\/ediapi\/wp\/v2\/users\/13744"}],"replies":[{"embeddable":true,"href":"https:\/\/staging.ivg.it\/ediapi\/wp\/v2\/comments?post=259188"}],"version-history":[{"count":0,"href":"https:\/\/staging.ivg.it\/ediapi\/wp\/v2\/posts\/259188\/revisions"}],"wp:attachment":[{"href":"https:\/\/staging.ivg.it\/ediapi\/wp\/v2\/media?parent=259188"}],"wp:term":[{"taxonomy":"category","embeddable":true,"href":"https:\/\/staging.ivg.it\/ediapi\/wp\/v2\/categories?post=259188"},{"taxonomy":"post_tag","embeddable":true,"href":"https:\/\/staging.ivg.it\/ediapi\/wp\/v2\/tags?post=259188"}],"curies":[{"name":"wp","href":"https:\/\/api.w.org\/{rel}","templated":true}]}}