{"id":259102,"date":"2014-03-03T13:43:07","date_gmt":"2014-03-03T12:43:07","guid":{"rendered":"http:\/\/www.ivg.it\/?p=259102"},"modified":"2014-03-03T13:55:37","modified_gmt":"2014-03-03T12:55:37","slug":"sbarca-liguria-lassociazione-delle-associazioni-raffaella-firpo-coordinatrice","status":"publish","type":"post","link":"https:\/\/staging.ivg.it\/2014\/03\/sbarca-liguria-lassociazione-delle-associazioni-raffaella-firpo-coordinatrice\/","title":{"rendered":"Sbarca in Liguria l&#8217;associazione delle associazioni: Raffaella Firpo coordinatrice"},"content":{"rendered":"<p><strong>Liguria.<\/strong> E&#8217; stato costituito formalmente, venerd\u00ec sera, il coordinamento regionale per la Liguria del Colap, l&#8217;associazione apartitica e senza scopo di lucro che raccoglie oltre 200 libere associazioni professionali, con pi\u00f9 di 300.000 iscritti in tutta Italia.<\/p>\n<p>Presenti all\u2019assemblea costituente i delegati delle 23 associazioni professionali che operano nella regione Liguria, gi\u00e0 iscritti al Colap nazionale. I consiglieri eletti per la regione sono 9 e come coordinatrice, all&#8217;unanimit\u00e0, \u00e8 stata scelta Raffaella Firpo, gi\u00e0 consigliere nazionale di Ancit, l&#8217;Associazione Nazionale Consulenti Tributari Italiani.<\/p>\n<p>\u201cGli obiettivi principali per i prossimi mesi sono due \u2013 specifica Firpo. &#8211; Innanzitutto far conoscere sul territorio ligure la realt\u00e0 e il valore delle figure professionali legate alla legge 4\/2013, ovvero quelle non iscritte agli ordini professionali, ma riconosciute in quanto organizzate in libere associazioni. In secondo luogo vogliamo supportare, attraverso dei tavoli tecnici, tutte quelle associazioni che hanno ad oggi difficolt\u00e0 nell&#8217;essere considerate come riferimento dagli enti pubblici, aiutandole quindi a instaurare i rapporti, snellire le procedure burocratiche, aumentare l&#8217;efficienza generale nelle loro attivit\u00e0\u201d.<\/p>\n","protected":false},"excerpt":{"rendered":"<p>Liguria. E&#8217; stato costituito formalmente, venerd\u00ec sera, il coordinamento regionale per la Liguria del Colap, l&#8217;associazione apartitica e senza scopo di lucro che raccoglie oltre 200 libere associazioni professionali, con pi\u00f9 di 300.000 iscritti in tutta Italia. Presenti all\u2019assemblea costituente i delegati delle 23 associazioni professionali che operano nella regione Liguria, gi\u00e0 iscritti al Colap [&hellip;]<\/p>\n","protected":false},"author":13744,"featured_media":0,"comment_status":"open","ping_status":"closed","sticky":false,"template":"","format":"standard","meta":{"footnotes":""},"categories":[35],"tags":[10149,393],"class_list":["post-259102","post","type-post","status-publish","format-standard","hentry","category-economia","tag-associazioni","tag-liguria","post_cat_citta-andora"],"amp_validity":null,"amp_enabled":true,"_links":{"self":[{"href":"https:\/\/staging.ivg.it\/ediapi\/wp\/v2\/posts\/259102","targetHints":{"allow":["GET"]}}],"collection":[{"href":"https:\/\/staging.ivg.it\/ediapi\/wp\/v2\/posts"}],"about":[{"href":"https:\/\/staging.ivg.it\/ediapi\/wp\/v2\/types\/post"}],"author":[{"embeddable":true,"href":"https:\/\/staging.ivg.it\/ediapi\/wp\/v2\/users\/13744"}],"replies":[{"embeddable":true,"href":"https:\/\/staging.ivg.it\/ediapi\/wp\/v2\/comments?post=259102"}],"version-history":[{"count":0,"href":"https:\/\/staging.ivg.it\/ediapi\/wp\/v2\/posts\/259102\/revisions"}],"wp:attachment":[{"href":"https:\/\/staging.ivg.it\/ediapi\/wp\/v2\/media?parent=259102"}],"wp:term":[{"taxonomy":"category","embeddable":true,"href":"https:\/\/staging.ivg.it\/ediapi\/wp\/v2\/categories?post=259102"},{"taxonomy":"post_tag","embeddable":true,"href":"https:\/\/staging.ivg.it\/ediapi\/wp\/v2\/tags?post=259102"}],"curies":[{"name":"wp","href":"https:\/\/api.w.org\/{rel}","templated":true}]}}