{"id":258458,"date":"2014-02-20T14:06:23","date_gmt":"2014-02-20T13:06:23","guid":{"rendered":"http:\/\/www.ivg.it\/?p=258458"},"modified":"2014-02-21T11:12:56","modified_gmt":"2014-02-21T10:12:56","slug":"deragliamento-andora-rinviata-a-sabato-la-partenza-della-chiatta-lunedi-la-rimozione-del-treno","status":"publish","type":"post","link":"https:\/\/staging.ivg.it\/2014\/02\/deragliamento-andora-rinviata-a-sabato-la-partenza-della-chiatta-lunedi-la-rimozione-del-treno\/","title":{"rendered":"Deragliamento Andora, rinviata a sabato la partenza della chiatta: luned\u00ec la rimozione del treno"},"content":{"rendered":"<p><strong>Andora.<\/strong> E&#8217; stato rinviato, a causa del maltempo previsto, l&#8217;arrivo della chiatta che permetter\u00e0 di rimuovere il treno deragliato ad Andora. Oggi \u00e8 stato reso noto il programma ipotetico delle operazioni, ma i tempi potrebbero dilatarsi ancora in conseguenza delle condizioni meteo dei prossimi giorni.<\/p>\n<p>La chiatta dovrebbe partire sabato da Genova. Con condizioni meteo favorevoli, impiegher\u00e0 6\/8 ore di navigazione per arrivare ad Andora. A quel punto, se le condizioni del mare lo permetteranno, domenica ci saranno le operazioni di stabilizzazione della chiatta, effettuate le quali inizier\u00e0 il montaggio delle gru.<\/p>\n<p>Lo spostamento del treno, se non ci saranno problemi, verr\u00e0 effettuato a partire da luned\u00ec; una volta spostato il convoglio, si proceder\u00e0 con l\u2019operazione di ripristino dei binari.<\/p>\n<p>Il programma \u00e8 comunque suscettibile di modifiche a seconda delle condizioni meteo, costantemente monitorate, che determinato i tempi di partenza, navigazione  della chiatta e le successive attivit\u00e0 ad Andora. Perch\u00e9 si possa effettivamente operare \u00e8 necessario, infatti, che dopo l\u2019arrivo ad Andora vi siano condizioni meteo favorevoli alle operazioni di stabilizzazione e montaggio gru, per almeno 72 ore consecutive.<\/p>\n<p>La Capitaneria di Porto ha emesso un ordinanza che disciplina l\u2019area marina interessata dall\u2019intervento: nello specchio acque di 500 metri dalla linea di costa, per un fronte di 300 metri, con al centro il treno deragliato, sono vietati fino a nuovo ordine l&#8217;accesso, la navigazione, la sosta, l&#8217;ancoraggio, la pesca di superficie, la pesca subacquea, la balneazione e ogni altra attivit\u00e0 non espressamente autorizzata nell&#8217;ambito delle operazioni di consolidamento della scarpata e recupero del convoglio ferroviario.<\/p>\n<p>All&#8217;interno del perimetro, per tutta la durata dei lavori, lo specchio acqueo interessato dalla presenza del cantiere \u00e8 delimitato da boe di colore rosso; \u00e8 inoltre vietato sorvolare l&#8217;area entro l&#8217;altezza di 200 metri (in questo divieto rientra anche l&#8217;utilizzo dei droni per le riprese televisive).<\/p>\n","protected":false},"excerpt":{"rendered":"<p>Andora. E&#8217; stato rinviato, a causa del maltempo previsto, l&#8217;arrivo della chiatta che permetter\u00e0 di rimuovere il treno deragliato ad Andora. Oggi \u00e8 stato reso noto il programma ipotetico delle operazioni, ma i tempi potrebbero dilatarsi ancora in conseguenza delle condizioni meteo dei prossimi giorni. La chiatta dovrebbe partire sabato da Genova. Con condizioni meteo [&hellip;]<\/p>\n","protected":false},"author":13744,"featured_media":0,"comment_status":"open","ping_status":"closed","sticky":false,"template":"","format":"standard","meta":{"footnotes":""},"categories":[34],"tags":[85847,8223,51371],"class_list":["post-258458","post","type-post","status-publish","format-standard","hentry","category-cronaca","tag-andora","tag-capitaneria-di-porto","tag-deragliamento-andora"],"amp_validity":null,"amp_enabled":true,"_links":{"self":[{"href":"https:\/\/staging.ivg.it\/ediapi\/wp\/v2\/posts\/258458","targetHints":{"allow":["GET"]}}],"collection":[{"href":"https:\/\/staging.ivg.it\/ediapi\/wp\/v2\/posts"}],"about":[{"href":"https:\/\/staging.ivg.it\/ediapi\/wp\/v2\/types\/post"}],"author":[{"embeddable":true,"href":"https:\/\/staging.ivg.it\/ediapi\/wp\/v2\/users\/13744"}],"replies":[{"embeddable":true,"href":"https:\/\/staging.ivg.it\/ediapi\/wp\/v2\/comments?post=258458"}],"version-history":[{"count":0,"href":"https:\/\/staging.ivg.it\/ediapi\/wp\/v2\/posts\/258458\/revisions"}],"wp:attachment":[{"href":"https:\/\/staging.ivg.it\/ediapi\/wp\/v2\/media?parent=258458"}],"wp:term":[{"taxonomy":"category","embeddable":true,"href":"https:\/\/staging.ivg.it\/ediapi\/wp\/v2\/categories?post=258458"},{"taxonomy":"post_tag","embeddable":true,"href":"https:\/\/staging.ivg.it\/ediapi\/wp\/v2\/tags?post=258458"}],"curies":[{"name":"wp","href":"https:\/\/api.w.org\/{rel}","templated":true}]}}