{"id":258323,"date":"2014-02-18T15:09:24","date_gmt":"2014-02-18T14:09:24","guid":{"rendered":"http:\/\/www.ivg.it\/?p=258323"},"modified":"2014-02-18T17:55:27","modified_gmt":"2014-02-18T16:55:27","slug":"savona-tre-giorni-di-astensione-dalle-udienze-per-gli-avvocati-niente-processi-tribunale","status":"publish","type":"post","link":"https:\/\/staging.ivg.it\/2014\/02\/savona-tre-giorni-di-astensione-dalle-udienze-per-gli-avvocati-niente-processi-tribunale\/","title":{"rendered":"Savona, tre giorni di astensione dalle udienze per gli avvocati: niente processi in tribunale"},"content":{"rendered":"<p><strong>Savona<\/strong>. E&#8217; iniziata questa mattina l&#8217;astensione dalle udienze degli avvocati penalisti e civilisti. Proprio a causa dello sciopero, proclamato dall&#8217;Organismo Unitario dell&#8217;Avvocatura e che durer\u00e0 fino al 20 febbraio, tutte le udienze penali (quelle fissate davanti ai giudici monocratici Pisaturo, Canepa e Giannone) previste per oggi sono state rinviate.<\/p>\n<p>Sui motivi dell&#8217;astensione il presidente dell&#8217;Oua Nicola Marino, rivolgendosi anche al futuro Governo, ha precisato: &#8220;Protestiamo forti di un pacchetto di proposte per la tutela dei diritti dei cittadini, per il rispetto della Costituzione e affinch\u00e9 si renda efficiente e moderna una giurisdizione in perenne emergenza. Ma ci asteniamo anche per la salute stessa della nostra malandata democrazia parlamentare, vittima dell&#8217;abuso di decreti leggi e di un mediocre e insufficiente dialogo con la societ\u00e0&#8221;.<\/p>\n<p>&#8220;Le riforme sono necessarie, urgenti ma devono rispondere a problemi reali, partendo, appunto, dal confronto con chi opera in prima linea nei tribunali, avvocatura in testa. Finiamola, invece, con i provvedimenti parziali partoriti dai dirigenti di qualche ministero&#8221; aggiunge il numero uno dell&#8217;Oua.<\/p>\n<p>La tre giorni di sciopero culminer\u00e0 gioved\u00ec mattina con una manifestazione nel piazzale davanti a Montecitorio a Roma. &#8220;L\u00ec terremo un presidio informativo per i cittadini e una conferenza stampa per presentare, appunto, le proposte dell&#8217;avvocatura. Quindi dalle 13, corteo da Piazza della Repubblica, fino a Piazza Santi Apostoli, con comizio finale&#8221; conclude Marino.<\/p>\n","protected":false},"excerpt":{"rendered":"<p>Savona. E&#8217; iniziata questa mattina l&#8217;astensione dalle udienze degli avvocati penalisti e civilisti. Proprio a causa dello sciopero, proclamato dall&#8217;Organismo Unitario dell&#8217;Avvocatura e che durer\u00e0 fino al 20 febbraio, tutte le udienze penali (quelle fissate davanti ai giudici monocratici Pisaturo, Canepa e Giannone) previste per oggi sono state rinviate. Sui motivi dell&#8217;astensione il presidente dell&#8217;Oua [&hellip;]<\/p>\n","protected":false},"author":2394,"featured_media":0,"comment_status":"open","ping_status":"closed","sticky":false,"template":"","format":"standard","meta":{"footnotes":""},"categories":[34],"tags":[21137,85850,2152,2170],"class_list":["post-258323","post","type-post","status-publish","format-standard","hentry","category-cronaca","tag-astensione","tag-savona","tag-sciopero","tag-tribunale","post_cat_citta-savona"],"amp_validity":null,"amp_enabled":true,"_links":{"self":[{"href":"https:\/\/staging.ivg.it\/ediapi\/wp\/v2\/posts\/258323","targetHints":{"allow":["GET"]}}],"collection":[{"href":"https:\/\/staging.ivg.it\/ediapi\/wp\/v2\/posts"}],"about":[{"href":"https:\/\/staging.ivg.it\/ediapi\/wp\/v2\/types\/post"}],"author":[{"embeddable":true,"href":"https:\/\/staging.ivg.it\/ediapi\/wp\/v2\/users\/2394"}],"replies":[{"embeddable":true,"href":"https:\/\/staging.ivg.it\/ediapi\/wp\/v2\/comments?post=258323"}],"version-history":[{"count":0,"href":"https:\/\/staging.ivg.it\/ediapi\/wp\/v2\/posts\/258323\/revisions"}],"wp:attachment":[{"href":"https:\/\/staging.ivg.it\/ediapi\/wp\/v2\/media?parent=258323"}],"wp:term":[{"taxonomy":"category","embeddable":true,"href":"https:\/\/staging.ivg.it\/ediapi\/wp\/v2\/categories?post=258323"},{"taxonomy":"post_tag","embeddable":true,"href":"https:\/\/staging.ivg.it\/ediapi\/wp\/v2\/tags?post=258323"}],"curies":[{"name":"wp","href":"https:\/\/api.w.org\/{rel}","templated":true}]}}