{"id":258205,"date":"2014-02-16T15:47:22","date_gmt":"2014-02-16T14:47:22","guid":{"rendered":"http:\/\/www.ivg.it\/?p=258205"},"modified":"2014-02-16T21:58:26","modified_gmt":"2014-02-16T20:58:26","slug":"savona-mobilitazione-per-salvare-la-storica-latteria-di-piazza-chabrol","status":"publish","type":"post","link":"https:\/\/staging.ivg.it\/2014\/02\/savona-mobilitazione-per-salvare-la-storica-latteria-di-piazza-chabrol\/","title":{"rendered":"Savona, mobilitazione  per salvare la storica latteria di piazza Chabrol"},"content":{"rendered":"<p><strong>Savona.<\/strong> Una vera e propria rivolta quella dei savonesi contro la chiusura della storica latteria di piazza Chabrol, storico ritrovo per generazioni e generazioni e che sar\u00e0 sfrattata per far posto ad un negozio di telefonia. I proprietari dei locali hanno deciso di non rinnovare l\u2019affitto agli attuali titolari della latteria, che cos\u00ec chiuder\u00e0 battenti dopo 100 anni di attivit\u00e0. <\/p>\n<p>Intanto \u00e8 gi\u00e0 pronta una raccolta firme per impedire il trasloco della latteria, che rappresenta un pezzo di storia di Savona e di piazza Chabrol. Sulla rete e sui gruppi Facebook \u00e8 scattata la mobilitazione per salvare la storica bottega. <\/p>\n<p>Tra i commenti: \u201cSpero vivamente di essere una dei tanti savonesi che oggi vi scriveranno. Fate qualcosa per la &#8220;Nostra latteria&#8221;. Ne abbiamo parlato tantissimo i giorni scorsi nel gruppo &#8220;Sei di Savona se&#8230;&#8221;, generazioni sono passate di l\u00ec, la gentilezza del signor Aonzo \u00e8 qualcosa di pi\u00f9 unico che raro qui in Liguria.. ricordi, emozioni&#8230; entri nel locale con un sorriso nel vedere il cartello ormai sbiadito che riporta i gusti dei suoi storici frapp\u00e8&#8230;e se il locale \u00e8 un attimo tranquillo, il signor Aonzo tira fuori il mandolino e suona una canzone&#8230;no vi prego, non fateci portare via pure questo, vi prego\u2026\u201d.<\/p>\n<p>\u201cSecondo me va salvaguardato quell&#8217;angolo di Savona, cos\u00ec caratteristico  e reso inconfondibile e memorabile proprio per la presenza di questa latteria\u201d.<\/p>\n<p>&#8220;Dobbiamo portare avanti il dissenso di tanti cittadini alla chiusura della vecchia latteria di piazza Chabrol dei signori Aonzo, ma ancora di pi\u00f9 di noi savonesi&#8221; dicono altre due savonesi.<\/p>\n","protected":false},"excerpt":{"rendered":"<p>Savona. Una vera e propria rivolta quella dei savonesi contro la chiusura della storica latteria di piazza Chabrol, storico ritrovo per generazioni e generazioni e che sar\u00e0 sfrattata per far posto ad un negozio di telefonia. I proprietari dei locali hanno deciso di non rinnovare l\u2019affitto agli attuali titolari della latteria, che cos\u00ec chiuder\u00e0 battenti [&hellip;]<\/p>\n","protected":false},"author":13744,"featured_media":0,"comment_status":"open","ping_status":"closed","sticky":false,"template":"","format":"standard","meta":{"footnotes":""},"categories":[56],"tags":[51875,46951,85850],"class_list":["post-258205","post","type-post","status-publish","format-standard","hentry","category-altre","tag-latteria","tag-piazza-chabrol","tag-savona","post_cat_citta-andora","post_cat_citta-savona"],"amp_validity":null,"amp_enabled":true,"_links":{"self":[{"href":"https:\/\/staging.ivg.it\/ediapi\/wp\/v2\/posts\/258205","targetHints":{"allow":["GET"]}}],"collection":[{"href":"https:\/\/staging.ivg.it\/ediapi\/wp\/v2\/posts"}],"about":[{"href":"https:\/\/staging.ivg.it\/ediapi\/wp\/v2\/types\/post"}],"author":[{"embeddable":true,"href":"https:\/\/staging.ivg.it\/ediapi\/wp\/v2\/users\/13744"}],"replies":[{"embeddable":true,"href":"https:\/\/staging.ivg.it\/ediapi\/wp\/v2\/comments?post=258205"}],"version-history":[{"count":0,"href":"https:\/\/staging.ivg.it\/ediapi\/wp\/v2\/posts\/258205\/revisions"}],"wp:attachment":[{"href":"https:\/\/staging.ivg.it\/ediapi\/wp\/v2\/media?parent=258205"}],"wp:term":[{"taxonomy":"category","embeddable":true,"href":"https:\/\/staging.ivg.it\/ediapi\/wp\/v2\/categories?post=258205"},{"taxonomy":"post_tag","embeddable":true,"href":"https:\/\/staging.ivg.it\/ediapi\/wp\/v2\/tags?post=258205"}],"curies":[{"name":"wp","href":"https:\/\/api.w.org\/{rel}","templated":true}]}}