{"id":258159,"date":"2014-02-15T08:27:45","date_gmt":"2014-02-15T07:27:45","guid":{"rendered":"http:\/\/www.ivg.it\/?p=258159"},"modified":"2014-02-15T19:00:43","modified_gmt":"2014-02-15T18:00:43","slug":"meteo-tornano-nuvole-e-pioggia-dopo-la-breve-parentesi-soleggiata","status":"publish","type":"post","link":"https:\/\/staging.ivg.it\/2014\/02\/meteo-tornano-nuvole-e-pioggia-dopo-la-breve-parentesi-soleggiata\/","title":{"rendered":"Meteo, tornano nuvole e pioggia dopo la breve parentesi soleggiata"},"content":{"rendered":"<p><strong>Liguria<\/strong>. La parentesi soleggiata di ieri \u00e8 gi\u00e0 terminata. Da questa mattina, come spiegano i meteorologi Limet, una saccatura in estensione dalla Gran Bretagna fin verso la Penisola Iberica sar\u00e0 responsabile di una primavera anticipata al Centro-Sud ma, come spesso accade in questi casi, la Liguria e in generale il Nord-Ovest avranno a che fare con flussi meridionali a media quota che determineranno l&#8217;arrivo di un sistema nuvoloso.<\/p>\n<p>Il cielo su tutta la Liguria, questa mattina, \u00e8 nuvoloso o molto nuvoloso, con deboli precipitazioni in particolare sulle aree centrali e nel ponente. Dal primo pomeriggio le precipitazioni, che potranno assumere anche carattere di rovescio, si concentreranno maggiormente sul settore centro-orientale. La ventilazione sar\u00e0 moderata e avr\u00e0 provenienza settentrionale su Savonese e Genovese, mentre sar\u00e0 sud-orientale ad est di Genova. Le temperature minime saranno in leggero aumento, mentre le massime in leggero calo.<\/p>\n<p>Anche nella giornata di domani, domenica 16 febbraio, permarranno condizioni di tempo generalmente nuvoloso o molto nuvoloso, con deboli piogge pi\u00f9 probabili nella seconda parte della giornata.<\/p>\n","protected":false},"excerpt":{"rendered":"<p>Liguria. La parentesi soleggiata di ieri \u00e8 gi\u00e0 terminata. Da questa mattina, come spiegano i meteorologi Limet, una saccatura in estensione dalla Gran Bretagna fin verso la Penisola Iberica sar\u00e0 responsabile di una primavera anticipata al Centro-Sud ma, come spesso accade in questi casi, la Liguria e in generale il Nord-Ovest avranno a che fare [&hellip;]<\/p>\n","protected":false},"author":13744,"featured_media":0,"comment_status":"open","ping_status":"closed","sticky":false,"template":"","format":"standard","meta":{"footnotes":""},"categories":[],"tags":[393,42023,652,30178,3269],"class_list":["post-258159","post","type-post","status-publish","format-standard","hentry","tag-liguria","tag-limet","tag-meteo","tag-nuvole","tag-pioggia","post_cat_citta-andora"],"amp_validity":null,"amp_enabled":true,"_links":{"self":[{"href":"https:\/\/staging.ivg.it\/ediapi\/wp\/v2\/posts\/258159","targetHints":{"allow":["GET"]}}],"collection":[{"href":"https:\/\/staging.ivg.it\/ediapi\/wp\/v2\/posts"}],"about":[{"href":"https:\/\/staging.ivg.it\/ediapi\/wp\/v2\/types\/post"}],"author":[{"embeddable":true,"href":"https:\/\/staging.ivg.it\/ediapi\/wp\/v2\/users\/13744"}],"replies":[{"embeddable":true,"href":"https:\/\/staging.ivg.it\/ediapi\/wp\/v2\/comments?post=258159"}],"version-history":[{"count":0,"href":"https:\/\/staging.ivg.it\/ediapi\/wp\/v2\/posts\/258159\/revisions"}],"wp:attachment":[{"href":"https:\/\/staging.ivg.it\/ediapi\/wp\/v2\/media?parent=258159"}],"wp:term":[{"taxonomy":"category","embeddable":true,"href":"https:\/\/staging.ivg.it\/ediapi\/wp\/v2\/categories?post=258159"},{"taxonomy":"post_tag","embeddable":true,"href":"https:\/\/staging.ivg.it\/ediapi\/wp\/v2\/tags?post=258159"}],"curies":[{"name":"wp","href":"https:\/\/api.w.org\/{rel}","templated":true}]}}