{"id":257937,"date":"2014-02-11T16:11:05","date_gmt":"2014-02-11T15:11:05","guid":{"rendered":"http:\/\/www.ivg.it\/?p=257937"},"modified":"2014-02-11T19:02:09","modified_gmt":"2014-02-11T18:02:09","slug":"serie-d-il-vado-esonera-fresia-panchina-affidata-vincenzo-eretta","status":"publish","type":"post","link":"https:\/\/staging.ivg.it\/2014\/02\/serie-d-il-vado-esonera-fresia-panchina-affidata-vincenzo-eretta\/","title":{"rendered":"Serie D, il Vado esonera Stefano Fresia: panchina affidata a Vincenzo Eretta"},"content":{"rendered":"<p><strong>Vado L.<\/strong> Stefano Fresia non \u00e8 pi\u00f9 il tecnico del Vado calcio.<\/p>\n<p>L&#8217;allenatore genovese, artefice del ritorno in Serie D del sodalizio rossobl\u00f9 \u00e8 stato sollevato dall&#8217;incarico di trainer della squadra del presidente Tarabotto dopo la sconfitta rimediata domenica scorsa in casa contro la Lavagnese.<\/p>\n<p>Il Vado, dopo la partenza sprint, complice numerosi infortuni che ne hanno decimato la formazione \u00e8 crollato in classifica fuori dalla zona play off.<\/p>\n<p>Nulla, o quasi, per\u00f2, faceva presagire all&#8217;esito che si \u00e8 concretizzato nelle ultime ore viste che la dirigenza aveva sempre catalogato questa stagione come un anno di crescita e di transizione.<\/p>\n<p>La guida della prima squadra \u00e8 stata affidata a Vincenzo Eretta, uno delle figure storiche del calcio vadese.<\/p>\n<p>Tramite un comunicato ufficiale, la societ\u00e0 rossobl\u00f9 ha ufficializzato, in serata, la scelta.<\/p>\n<p>&#8220;Il Vado F.C. 1913 comunica di aver sollevato il sig. Stefano Fresia dall&#8217;incarico di allenatore della prima squadra. Nel ringraziare mister Fresia per il lavoro svolto e per la vittoria dello scorso campionato di Eccellenza, si sottolinea anche che questo episodio rappresenta una sconfitta tecnica per tutta la societ\u00e0. Nel contempo, per traghettare questo delicato momento la societ\u00e0 ha<br \/>\ndeciso di affidarsi a un uomo da sempre vicino all&#8217;ambiente vadese come Vincenzo Eretta&#8221;.<\/p>\n","protected":false},"excerpt":{"rendered":"<p>Vado L. Stefano Fresia non \u00e8 pi\u00f9 il tecnico del Vado calcio. L&#8217;allenatore genovese, artefice del ritorno in Serie D del sodalizio rossobl\u00f9 \u00e8 stato sollevato dall&#8217;incarico di trainer della squadra del presidente Tarabotto dopo la sconfitta rimediata domenica scorsa in casa contro la Lavagnese. Il Vado, dopo la partenza sprint, complice numerosi infortuni che [&hellip;]<\/p>\n","protected":false},"author":8847,"featured_media":0,"comment_status":"open","ping_status":"closed","sticky":false,"template":"","format":"standard","meta":{"footnotes":""},"categories":[182,32],"tags":[1807,629,48950,30363],"class_list":["post-257937","post","type-post","status-publish","format-standard","hentry","category-calcio","category-sport","tag-esonero","tag-serie-d","tag-stefano-fresia","tag-vado-calcio","post_cat_citta-vado-ligure"],"amp_validity":null,"amp_enabled":true,"_links":{"self":[{"href":"https:\/\/staging.ivg.it\/ediapi\/wp\/v2\/posts\/257937","targetHints":{"allow":["GET"]}}],"collection":[{"href":"https:\/\/staging.ivg.it\/ediapi\/wp\/v2\/posts"}],"about":[{"href":"https:\/\/staging.ivg.it\/ediapi\/wp\/v2\/types\/post"}],"author":[{"embeddable":true,"href":"https:\/\/staging.ivg.it\/ediapi\/wp\/v2\/users\/8847"}],"replies":[{"embeddable":true,"href":"https:\/\/staging.ivg.it\/ediapi\/wp\/v2\/comments?post=257937"}],"version-history":[{"count":0,"href":"https:\/\/staging.ivg.it\/ediapi\/wp\/v2\/posts\/257937\/revisions"}],"wp:attachment":[{"href":"https:\/\/staging.ivg.it\/ediapi\/wp\/v2\/media?parent=257937"}],"wp:term":[{"taxonomy":"category","embeddable":true,"href":"https:\/\/staging.ivg.it\/ediapi\/wp\/v2\/categories?post=257937"},{"taxonomy":"post_tag","embeddable":true,"href":"https:\/\/staging.ivg.it\/ediapi\/wp\/v2\/tags?post=257937"}],"curies":[{"name":"wp","href":"https:\/\/api.w.org\/{rel}","templated":true}]}}