{"id":257861,"date":"2014-02-10T13:35:07","date_gmt":"2014-02-10T12:35:07","guid":{"rendered":"http:\/\/www.ivg.it\/?p=257861"},"modified":"2014-02-11T10:50:58","modified_gmt":"2014-02-11T09:50:58","slug":"frana-capo-mele-rocciatori-al-lavoro-per-il-laigueglia-pronto-il-percorso-alternativo","status":"publish","type":"post","link":"https:\/\/staging.ivg.it\/2014\/02\/frana-capo-mele-rocciatori-al-lavoro-per-il-laigueglia-pronto-il-percorso-alternativo\/","title":{"rendered":"Frana a Capo Mele, rocciatori al lavoro: per il Laigueglia pronto il percorso alternativo"},"content":{"rendered":"<p><strong>Laigueglia.<\/strong> Sono al lavoro, nonostante la pioggia e il maltempo, i rocciatori di Anas a Capo Mele, dopo la nuova frana che si \u00e8 abbattuta nella notte tra sabato e domenica. Lo smottamento \u00e8 avvenuto all\u2019altezza della galleria successiva del tratto che gi\u00e0 il 24 gennaio scorso era stato interessato da un forte smottamento con massi e detriti sulla carreggiata. La rete metallica di protezione installata dai tecnici sul fronte collinare non ha resistito e di nuovo alcuni sassi sono piombati sulla strada, costringendo all&#8217;interruzione della viabilit\u00e0 in entrambi i sensi.<\/p>\n<p>I tecnici sono ora all&#8217;opera per verificare lo stato del versante e capire tempi e modi di intervento. &#8220;Hanno iniziato a lavorare gi\u00e0 ieri, anche se era domenica &#8211; dice il sindaco Maglione &#8211; ma per la riapertura, purtroppo, non ci sono ancora tempistiche&#8221;. Anche qui l&#8217;unica soluzione, dice il sindaco, \u00e8 quella di un tunnel, un collegamento tra le due gallerie: &#8220;Ormai Capo Mele sta diventando come Capo Noli. Purtroppo il meteo non ci sta aiutando in alcun modo, ma le problematiche ormai persistono continuamente&#8221;.<\/p>\n<p>In comune, nel frattempo, si \u00e8 tenuta questa mattina una riunione tecnica, legata soprattutto allo svolgimento del Trofeo Laigueglia, il cui itinerario programmato \u00e8 messo a rischio dallo smottamento. In caso non si riesca a ripristinare in tempo l&#8217;Aurelia, comunque, \u00e8 gi\u00e0 pronto il percorso alternativo: &#8220;Stiamo guardando sia verso l&#8217;entroterra che verso la costa &#8211; spiega Maglione &#8211; dovremo escludere dal percorso la zona pi\u00f9 a ponente di Laigueglia, per cui ci spingeremo fino a Loano e poi saliremo nell&#8217;entroterra albenganese e andorese. Partenza e arrivo saranno sempre da Laigueglia, ma temiamo che saranno gli unici due momenti in cui sar\u00e0 possibile vedere i ciclisti nella nostra cittadina&#8221;.<\/p>\n<p>Un trofeo che sapr\u00e0 un po&#8217; meno di Laigueglia e un po&#8217; pi\u00f9 di provincia, quindi: &#8220;Ci piace coinvolgere i nostri vicini, i comuni limitrofi e l&#8217;entroterra, lo facciamo ogni anno &#8211; spiega Maglione &#8211; vorr\u00e0 dire che questa volta ci sposteremo un po&#8217; di pi\u00f9, ma pur sempre in provincia di Savona&#8221;.<\/p>\n<p>Tpl, per fronteggiare la frana, ha istituito un servizio di navetta, provvedendo inoltre a &#8220;dirottare&#8221; in autostrada alcune corse: quelle dirette ad Andora transiteranno ad Albenga da Viale Pontelungo sino alla rotonda di Vadino, stesso percorso in senso inverso per l&#8217;autobus diretto a Loano.<\/p>\n","protected":false},"excerpt":{"rendered":"<p>Laigueglia. Sono al lavoro, nonostante la pioggia e il maltempo, i rocciatori di Anas a Capo Mele, dopo la nuova frana che si \u00e8 abbattuta nella notte tra sabato e domenica. Lo smottamento \u00e8 avvenuto all\u2019altezza della galleria successiva del tratto che gi\u00e0 il 24 gennaio scorso era stato interessato da un forte smottamento con [&hellip;]<\/p>\n","protected":false},"author":13744,"featured_media":0,"comment_status":"open","ping_status":"closed","sticky":false,"template":"","format":"standard","meta":{"footnotes":""},"categories":[34],"tags":[18369,51779,85912,6336],"class_list":["post-257861","post","type-post","status-publish","format-standard","hentry","category-cronaca","tag-capo-mele","tag-frana-capo-mele","tag-laigueglia","tag-trofeo-laigueglia","post_cat_citta-laigueglia"],"amp_validity":null,"amp_enabled":true,"_links":{"self":[{"href":"https:\/\/staging.ivg.it\/ediapi\/wp\/v2\/posts\/257861","targetHints":{"allow":["GET"]}}],"collection":[{"href":"https:\/\/staging.ivg.it\/ediapi\/wp\/v2\/posts"}],"about":[{"href":"https:\/\/staging.ivg.it\/ediapi\/wp\/v2\/types\/post"}],"author":[{"embeddable":true,"href":"https:\/\/staging.ivg.it\/ediapi\/wp\/v2\/users\/13744"}],"replies":[{"embeddable":true,"href":"https:\/\/staging.ivg.it\/ediapi\/wp\/v2\/comments?post=257861"}],"version-history":[{"count":0,"href":"https:\/\/staging.ivg.it\/ediapi\/wp\/v2\/posts\/257861\/revisions"}],"wp:attachment":[{"href":"https:\/\/staging.ivg.it\/ediapi\/wp\/v2\/media?parent=257861"}],"wp:term":[{"taxonomy":"category","embeddable":true,"href":"https:\/\/staging.ivg.it\/ediapi\/wp\/v2\/categories?post=257861"},{"taxonomy":"post_tag","embeddable":true,"href":"https:\/\/staging.ivg.it\/ediapi\/wp\/v2\/tags?post=257861"}],"curies":[{"name":"wp","href":"https:\/\/api.w.org\/{rel}","templated":true}]}}