{"id":257805,"date":"2014-02-09T14:31:02","date_gmt":"2014-02-09T13:31:02","guid":{"rendered":"http:\/\/www.ivg.it\/?p=257805"},"modified":"2014-02-10T09:39:04","modified_gmt":"2014-02-10T08:39:04","slug":"nuova-frana-capo-mele-paita-collegare-le-due-gallerie-per-mettere-sicurezza-la-tratta","status":"publish","type":"post","link":"https:\/\/staging.ivg.it\/2014\/02\/nuova-frana-capo-mele-paita-collegare-le-due-gallerie-per-mettere-sicurezza-la-tratta\/","title":{"rendered":"Nuova frana a Capo Mele, Paita: &#8220;Collegare le due gallerie per mettere in sicurezza la tratta&#8221;"},"content":{"rendered":"<p><strong>Andora\/Laigueglia<\/strong>. La Regione Liguria, con l\u2019assessore alle Infrastrutture Raffaella Paita, sta seguendo con attenzione gli sviluppi della nuova frana che ha portato alla chiusura dell\u2019Aurelia a Capo Mele, tra Laigueglia e Andora.<\/p>\n<p>\u201cOrmai, purtroppo, la frana a Capo Mele \u00e8 un fatto ricorrente. L&#8217;Anas \u00e8 al lavoro ma il fronte franoso \u00e8 complesso e non sar\u00e0 semplice intervenire in alto\u201d, spiega l\u2019assessore &#8211; A questo punto si pone un problema complessivo: quello di chiedere ad Anas di collegare i due tratti di galleria al fine di mettere definitivamente in sicurezza l&#8217;intero percorso&#8221;.<\/p>\n<p>&#8220;Chiediamo e auspichiamo, da subito, una valutazione su questa ipotesi&#8221; afferma l\u2019assessore che ha sentito entrambi i sindaci di Andora e Laigueglia e poi ha parlato con Anas. Proprio nei giorni scorsi l\u2019assessore Paita aveva chiesto ed ottenuto maggiore attenzione sui finanziamenti per l&#8217;Aurelia.  \u201cIl fatto di oggi dimostra che sono necessari interventi definitivi, pena un continuo e costosissimo isolamento del nostro territorio\u201d, conclude Paita.<\/p>\n","protected":false},"excerpt":{"rendered":"<p>Andora\/Laigueglia. La Regione Liguria, con l\u2019assessore alle Infrastrutture Raffaella Paita, sta seguendo con attenzione gli sviluppi della nuova frana che ha portato alla chiusura dell\u2019Aurelia a Capo Mele, tra Laigueglia e Andora. \u201cOrmai, purtroppo, la frana a Capo Mele \u00e8 un fatto ricorrente. L&#8217;Anas \u00e8 al lavoro ma il fronte franoso \u00e8 complesso e non [&hellip;]<\/p>\n","protected":false},"author":13744,"featured_media":0,"comment_status":"open","ping_status":"closed","sticky":false,"template":"","format":"standard","meta":{"footnotes":""},"categories":[34],"tags":[85847,18369,2838,22411],"class_list":["post-257805","post","type-post","status-publish","format-standard","hentry","category-cronaca","tag-andora","tag-capo-mele","tag-frana","tag-raffaella-paita"],"amp_validity":null,"amp_enabled":true,"_links":{"self":[{"href":"https:\/\/staging.ivg.it\/ediapi\/wp\/v2\/posts\/257805","targetHints":{"allow":["GET"]}}],"collection":[{"href":"https:\/\/staging.ivg.it\/ediapi\/wp\/v2\/posts"}],"about":[{"href":"https:\/\/staging.ivg.it\/ediapi\/wp\/v2\/types\/post"}],"author":[{"embeddable":true,"href":"https:\/\/staging.ivg.it\/ediapi\/wp\/v2\/users\/13744"}],"replies":[{"embeddable":true,"href":"https:\/\/staging.ivg.it\/ediapi\/wp\/v2\/comments?post=257805"}],"version-history":[{"count":0,"href":"https:\/\/staging.ivg.it\/ediapi\/wp\/v2\/posts\/257805\/revisions"}],"wp:attachment":[{"href":"https:\/\/staging.ivg.it\/ediapi\/wp\/v2\/media?parent=257805"}],"wp:term":[{"taxonomy":"category","embeddable":true,"href":"https:\/\/staging.ivg.it\/ediapi\/wp\/v2\/categories?post=257805"},{"taxonomy":"post_tag","embeddable":true,"href":"https:\/\/staging.ivg.it\/ediapi\/wp\/v2\/tags?post=257805"}],"curies":[{"name":"wp","href":"https:\/\/api.w.org\/{rel}","templated":true}]}}