{"id":257783,"date":"2014-02-08T14:22:52","date_gmt":"2014-02-08T13:22:52","guid":{"rendered":"http:\/\/www.ivg.it\/?p=257783"},"modified":"2014-02-08T14:22:52","modified_gmt":"2014-02-08T13:22:52","slug":"interruzione-stradale-localita-salto-stella-bruzzone-si-trovi-una-soluzione-tempi-rapidi","status":"publish","type":"post","link":"https:\/\/staging.ivg.it\/2014\/02\/interruzione-stradale-localita-salto-stella-bruzzone-si-trovi-una-soluzione-tempi-rapidi\/","title":{"rendered":"Interruzione stradale in localit\u00e0 Salto a Stella, Bruzzone: &#8220;Si trovi una soluzione in tempi rapidi&#8221;"},"content":{"rendered":"<p><strong>Stella.<\/strong> Francesco Bruzzone chiede l&#8217;intervento della Regione Liguria, in merito all&#8217;interruzione stradale in localit\u00e0 Salto nel Comune di Stella. Il capogruppo della Lega Nord nel Consiglio Regionale della Liguria ha portato la questione sui banchi della Regione, con una interrogazione con risposta scritta, presentata al Presidente Claudio Burlando e alla sua Giunta.<\/p>\n<p>&#8220;Ormai da alcune settimane, la ex Strada Statale n. 334 Albisola &#8211; Sassello risulta essere semi interrotta nella localit\u00e0 Salto del Comune di Stella&#8221;, afferma il Consigliere Regionale. &#8220;Tale interruzione, che riguarda una corsia, \u00e8 derivata da un danno facilmente risolvibile, a fronte invece di una costante presenza di pericolo per gli utenti della strada, che rappresenta una importante via di comunicazione per il territorio e per la comunit\u00e0&#8221;.<\/p>\n<p>&#8220;Mi rivolgo al Governatore Burlando e all&#8217;Assessore competente perch\u00e9 si trovi al pi\u00f9 presto una soluzione, per sapere se, per quanto di competenza, l&#8217;ente regionale sia a conoscenza di questa situazione di disagio, nonch\u00e9 se intenda intraprendere iniziative volte a ripristinare la regolare viabilit\u00e0 nella localit\u00e0 Salto del Comune di Stella&#8221;, conclude il capogruppo del Carroccio Francesco Bruzzone.<\/p>\n","protected":false},"excerpt":{"rendered":"<p>Stella. Francesco Bruzzone chiede l&#8217;intervento della Regione Liguria, in merito all&#8217;interruzione stradale in localit\u00e0 Salto nel Comune di Stella. Il capogruppo della Lega Nord nel Consiglio Regionale della Liguria ha portato la questione sui banchi della Regione, con una interrogazione con risposta scritta, presentata al Presidente Claudio Burlando e alla sua Giunta. &#8220;Ormai da alcune [&hellip;]<\/p>\n","protected":false},"author":13744,"featured_media":0,"comment_status":"open","ping_status":"closed","sticky":false,"template":"","format":"standard","meta":{"footnotes":""},"categories":[31],"tags":[3215,630,223,85865],"class_list":["post-257783","post","type-post","status-publish","format-standard","hentry","category-politica","tag-francesco-bruzzone","tag-lega-nord","tag-regione-liguria","tag-stella","post_cat_citta-stella"],"amp_validity":null,"amp_enabled":true,"_links":{"self":[{"href":"https:\/\/staging.ivg.it\/ediapi\/wp\/v2\/posts\/257783","targetHints":{"allow":["GET"]}}],"collection":[{"href":"https:\/\/staging.ivg.it\/ediapi\/wp\/v2\/posts"}],"about":[{"href":"https:\/\/staging.ivg.it\/ediapi\/wp\/v2\/types\/post"}],"author":[{"embeddable":true,"href":"https:\/\/staging.ivg.it\/ediapi\/wp\/v2\/users\/13744"}],"replies":[{"embeddable":true,"href":"https:\/\/staging.ivg.it\/ediapi\/wp\/v2\/comments?post=257783"}],"version-history":[{"count":0,"href":"https:\/\/staging.ivg.it\/ediapi\/wp\/v2\/posts\/257783\/revisions"}],"wp:attachment":[{"href":"https:\/\/staging.ivg.it\/ediapi\/wp\/v2\/media?parent=257783"}],"wp:term":[{"taxonomy":"category","embeddable":true,"href":"https:\/\/staging.ivg.it\/ediapi\/wp\/v2\/categories?post=257783"},{"taxonomy":"post_tag","embeddable":true,"href":"https:\/\/staging.ivg.it\/ediapi\/wp\/v2\/tags?post=257783"}],"curies":[{"name":"wp","href":"https:\/\/api.w.org\/{rel}","templated":true}]}}