{"id":257740,"date":"2014-02-07T17:41:36","date_gmt":"2014-02-07T16:41:36","guid":{"rendered":"http:\/\/www.ivg.it\/?p=257740"},"modified":"2014-02-07T17:59:23","modified_gmt":"2014-02-07T16:59:23","slug":"cassa-integrazione-lassessore-vesco-positive-le-risorse-per-pagamenti-del-2013","status":"publish","type":"post","link":"https:\/\/staging.ivg.it\/2014\/02\/cassa-integrazione-lassessore-vesco-positive-le-risorse-per-pagamenti-del-2013\/","title":{"rendered":"Cassa integrazione, l&#8217;assessore Vesco: &#8220;Positive le risorse per i pagamenti del 2013&#8221;"},"content":{"rendered":"<p><strong>Regione.<\/strong> \u201cL\u2019anticipo al 2013 delle risorse destinate a pagare gli ammortizzatori sociali in deroga per il 2014 \u00e8 sicuramente un fatto positivo che va incontro a quanto avevamo chiesto come assessori regionali al Ministro, ma questo non basta a garantire in Liguria la copertura di tutto il 2013\u201d. <\/p>\n<p>Lo ha detto l\u2019assessore regionale al lavoro e ai trasporti, Enrico Vesco dopo aver appresa la notizia della decisione del Ministero di autorizzare l\u2019Inps a pagare gli ammortizzatori sociali in deroga del 2013  con l\u2019anticipo delle risorse del 2014. &#8220;Per la Liguria \u2013 ha aggiunto Vesco &#8211; si tratta di 8,6 milioni di euro che rappresentano la quota spettante alla Regione Liguria sui 400 milioni stanziati a livello nazionale, quale anticipo rispetto a 1,7 miliardi previsti per tutta Italia nel 2014. <\/p>\n<p>Risorse con cui si potr\u00e0 coprire non pi\u00f9 di due mesi e che comunque non consentiranno di completare il pagamento delle indennit\u00e0 per tutto il 2013\u201d. L\u2019assessore si augura che il Governo \u201cmetta a disposizione ulteriori risorse, sia per poter coprire tutto il 2013, sia per il 2014 e riesca cos\u00ec a erogare quanto dovuto alle persone che attendevano i pagamenti da giugno\u201d. <\/p>\n<p>\u201cDa tempo \u2013 conclude Vesco \u2013 denuncio il problema degli ammortizzatori come un\u2019emergenza sociale, perch\u00e9 in Liguria ad esempio migliaia di lavoratori e di loro familiari sono scoperti da ogni reddito dallo scorso giugno\u201d. <\/p>\n","protected":false},"excerpt":{"rendered":"<p>Regione. \u201cL\u2019anticipo al 2013 delle risorse destinate a pagare gli ammortizzatori sociali in deroga per il 2014 \u00e8 sicuramente un fatto positivo che va incontro a quanto avevamo chiesto come assessori regionali al Ministro, ma questo non basta a garantire in Liguria la copertura di tutto il 2013\u201d. Lo ha detto l\u2019assessore regionale al lavoro [&hellip;]<\/p>\n","protected":false},"author":13744,"featured_media":0,"comment_status":"open","ping_status":"closed","sticky":false,"template":"","format":"standard","meta":{"footnotes":""},"categories":[],"tags":[1526,907,295],"class_list":["post-257740","post","type-post","status-publish","format-standard","hentry","tag-cassa-integrazione","tag-enrico-vesco","tag-regione","post_cat_citta-andora"],"amp_validity":null,"amp_enabled":true,"_links":{"self":[{"href":"https:\/\/staging.ivg.it\/ediapi\/wp\/v2\/posts\/257740","targetHints":{"allow":["GET"]}}],"collection":[{"href":"https:\/\/staging.ivg.it\/ediapi\/wp\/v2\/posts"}],"about":[{"href":"https:\/\/staging.ivg.it\/ediapi\/wp\/v2\/types\/post"}],"author":[{"embeddable":true,"href":"https:\/\/staging.ivg.it\/ediapi\/wp\/v2\/users\/13744"}],"replies":[{"embeddable":true,"href":"https:\/\/staging.ivg.it\/ediapi\/wp\/v2\/comments?post=257740"}],"version-history":[{"count":0,"href":"https:\/\/staging.ivg.it\/ediapi\/wp\/v2\/posts\/257740\/revisions"}],"wp:attachment":[{"href":"https:\/\/staging.ivg.it\/ediapi\/wp\/v2\/media?parent=257740"}],"wp:term":[{"taxonomy":"category","embeddable":true,"href":"https:\/\/staging.ivg.it\/ediapi\/wp\/v2\/categories?post=257740"},{"taxonomy":"post_tag","embeddable":true,"href":"https:\/\/staging.ivg.it\/ediapi\/wp\/v2\/tags?post=257740"}],"curies":[{"name":"wp","href":"https:\/\/api.w.org\/{rel}","templated":true}]}}