{"id":257716,"date":"2014-02-07T11:46:09","date_gmt":"2014-02-07T10:46:09","guid":{"rendered":"http:\/\/www.ivg.it\/?p=257716"},"modified":"2014-02-08T09:42:26","modified_gmt":"2014-02-08T08:42:26","slug":"deragliamento-andora-il-ministro-lupi-sul-posto-non-esco-di-qui-finche-ho-la-data-di-inizio-lavori-del-raddoppio","status":"publish","type":"post","link":"https:\/\/staging.ivg.it\/2014\/02\/deragliamento-andora-il-ministro-lupi-sul-posto-non-esco-di-qui-finche-ho-la-data-di-inizio-lavori-del-raddoppio\/","title":{"rendered":"Deragliamento Andora, il ministro Lupi sul posto: &#8220;Non esco di qui finch\u00e9 ho la data di inizio lavori del raddoppio&#8221;"},"content":{"rendered":"<p><strong>Andora.<\/strong> \u201cConfermo che i tempi per la realizzazione del raddoppio sono quelli di due anni dall\u2019inizio dei lavori, il problema \u00e8 confermarli oggi: io non esco di qui finch\u00e9 non so quando inizieranno i lavori&#8221;. Una posizione decisa quella espressa dal ministro Maurizio Lupi durante il sopralluogo sulla frana che ad Andora ha causato, lo scorso 17 gennaio, il deragliamento dell&#8217;Intercity 660.<\/p>\n<p>Lupi ha sorvolato la zona con un Atr 42 della Guardia Costiera, confermando che i lavori verranno fatti via mare con un pontone. &#8220;La prima impressione \u00e8 che \u00e8 un miracolo che non sia accaduto di peggio &#8211; racconta &#8211; per le 200 persone che erano su quel treno le conseguenze potevano essere disastrose. La seconda \u00e8 che costruire il raddoppio \u00e8 indispensabile e necessario. Adesso faremo una riunione tecnica, non solo per rimuovere al pi\u00f9 presto il problema e ripristinare il collegamento con Ventimiglia nelle sei settimane previste, ma anche per sbloccare immediatamente il cantiere. Qui siamo in una situazione paradossale: ci sono i soldi, ci sono le risorse, ci sono le imprese e il cantiere \u00e8 fermo da sei anni\u201d.<\/p>\n<p>A fargli eco il sindaco di Andora, Franco Floris, che ha lanciato un appello: &#8220;Certo ora la priorit\u00e0 \u00e8 il ripristino della linea ferroviaria interrotta dalla frana, ma poi si deve agire per la riapertura del cantiere per il completamento del raddoppio ferroviario nella tratta Andora &#8211; San Bartolomeo e chiarire se ci sia la disponibilita&#8217; del milione e mezzo di euro necessari al raddoppio fra Andora e Finale ligure. E&#8217; in gioco il futuro economico del questa zona del Ponente Ligure&#8221;. Il primo cittadino ha anche chiesto lo svicolo dal Patto di stabilit\u00e0 per i fondi destinati alla prevenzione dei danni da eventi meteo. <\/p>\n<p>Il ministro \u00e8 quindi entrato in una riunione operativa con i parlamentari liguri, i rappresentati delle istituzioni regionali, provinciali ed i sindaci delle province di Savona ed Imperia. &#8220;Adesso sentiremo i tribunali, la prefettura e la procura &#8211; ha detto il ministro prima di entrare &#8211; per capire la ragione per cui non si pu\u00f2 entrare in possesso dei cantieri: Ferrovie ha riappaltato i lavori, ci sono le tre imprese e quindi i 240 milioni destinati a realizzare i primi 16 km devono partire&#8221;.<\/p>\n<p>Poi bisogner\u00e0 ragionare sulla prevenzione, ha detto il ministro, mettendo in sicurezza tutto il tratto ferroviario da La Spezia a Ventimiglia: &#8220;Su questo abbiamo chiesto la settimana scorsa a Ferrovie dello Stato di presentarci un progetto con la mappa degli interventi; ora faremo questa riunione e poi diremo cosa faremo\u201d.<\/p>\n","protected":false},"excerpt":{"rendered":"<p>Andora. \u201cConfermo che i tempi per la realizzazione del raddoppio sono quelli di due anni dall\u2019inizio dei lavori, il problema \u00e8 confermarli oggi: io non esco di qui finch\u00e9 non so quando inizieranno i lavori&#8221;. Una posizione decisa quella espressa dal ministro Maurizio Lupi durante il sopralluogo sulla frana che ad Andora ha causato, lo [&hellip;]<\/p>\n","protected":false},"author":13744,"featured_media":0,"comment_status":"open","ping_status":"closed","sticky":false,"template":"","format":"standard","meta":{"footnotes":""},"categories":[34],"tags":[85847,51371,48728,49881],"class_list":["post-257716","post","type-post","status-publish","format-standard","hentry","category-cronaca","tag-andora","tag-deragliamento-andora","tag-maurizio-lupi","tag-ministro-lupi"],"amp_validity":null,"amp_enabled":true,"_links":{"self":[{"href":"https:\/\/staging.ivg.it\/ediapi\/wp\/v2\/posts\/257716","targetHints":{"allow":["GET"]}}],"collection":[{"href":"https:\/\/staging.ivg.it\/ediapi\/wp\/v2\/posts"}],"about":[{"href":"https:\/\/staging.ivg.it\/ediapi\/wp\/v2\/types\/post"}],"author":[{"embeddable":true,"href":"https:\/\/staging.ivg.it\/ediapi\/wp\/v2\/users\/13744"}],"replies":[{"embeddable":true,"href":"https:\/\/staging.ivg.it\/ediapi\/wp\/v2\/comments?post=257716"}],"version-history":[{"count":0,"href":"https:\/\/staging.ivg.it\/ediapi\/wp\/v2\/posts\/257716\/revisions"}],"wp:attachment":[{"href":"https:\/\/staging.ivg.it\/ediapi\/wp\/v2\/media?parent=257716"}],"wp:term":[{"taxonomy":"category","embeddable":true,"href":"https:\/\/staging.ivg.it\/ediapi\/wp\/v2\/categories?post=257716"},{"taxonomy":"post_tag","embeddable":true,"href":"https:\/\/staging.ivg.it\/ediapi\/wp\/v2\/tags?post=257716"}],"curies":[{"name":"wp","href":"https:\/\/api.w.org\/{rel}","templated":true}]}}