{"id":257252,"date":"2014-01-30T16:51:43","date_gmt":"2014-01-30T15:51:43","guid":{"rendered":"http:\/\/www.ivg.it\/?p=257252"},"modified":"2014-01-31T16:15:27","modified_gmt":"2014-01-31T15:15:27","slug":"albenga-chiesa-gremita-e-fiori-dei-bambini-per-lultimo-saluto-luigi-costa-ha-fatto-della-sua-vita-un-dono-generoso","status":"publish","type":"post","link":"https:\/\/staging.ivg.it\/2014\/01\/albenga-chiesa-gremita-e-fiori-dei-bambini-per-lultimo-saluto-luigi-costa-ha-fatto-della-sua-vita-un-dono-generoso\/","title":{"rendered":"Albenga, chiesa gremita e fiori dei bambini per l&#8217;ultimo saluto a Luigi Costa: &#8220;Ha fatto della sua vita un dono generoso&#8221;"},"content":{"rendered":"<p><strong>Albenga.<\/strong> Chiesa gremita e grande partecipazione oggi pomeriggio alle 15,30 per i funerali di Luigi Costa nella cattedrale di San Michele di Albenga. Il dirigente dell\u2019azienda informatica EA Sistemi, stroncato da infarto fulminante a 53 anni, era molto conosciuto sotto le torri ingaune per il suo impegno negli scout e in Croce Bianca (era stato vicedirettore dei servizi nella pubblica assistenza di piazza Petrarca).<\/p>\n<p>E proprio scout e militi della Croce Bianca sono accorsi in massa per l&#8217;ultimo saluto a Costa, con picchetti all&#8217;esterno della cattedrale e stendardi a lutto, insieme a molti esponenti del mondo del terzo settore albenganese. Sul feretro, portato a spalle da scout, militi e parenti, molti fiori depositati anche dagli alunni delle scuole ingaune, mentre molti negozi hanno chiuso le serrande al passaggio della bara in segno di lutto.<\/p>\n<p>&#8220;Non vogliamo chiuderci nella ragnatela del nostro dolore, ma vogliamo trovare conforto nella parola di Dio &#8211; ha detto il sacerdote durante l&#8217;omelia &#8211; La longevit\u00e0 non si misura con gli anni. Nella vita si lotta, siamo certi che se Dio lo ha chiamato a s\u00e9 \u00e8 per il suo bene&#8221;.<\/p>\n<p>&#8220;Dobbiamo vivere questo momento nella certezza della fede&#8221; ha aggiunto il celebrante, chiedendo ai presenti di cantare l&#8217;Alleluia pasquale.<\/p>\n<p>&#8220;Luigi \u00e9 vissuto da figlio di Dio, donando se stesso con cos\u00ec tanto amore, in mille direzioni, facendo dalla sua vita un dono generoso&#8230; \u00e8 stato una fiamma, e come una candela si \u00e8 consumato, cos\u00ec Dio lo ha chiamato &#8211; ha proseguito il sacerdote tra le lacrime dei presenti &#8211; Era attaccatissimo alla parola di Dio, era per lui sorgente di forza. Portava ogni settimana sull&#8217;altare la sua gioia, la sua sofferenza e la sua fatica, perch\u00e9 da l\u00ec arrivava la sua forza per la sua settimana. Sono molto grato della sua amicizia&#8221;.<\/p>\n<p>&#8220;Domenica scorsa ha letto per l&#8217;ultima volta il salmo in questa chiesa &#8211; ha ricordato, rivolgendosi poi direttamente a Costa &#8211; sono certo che tu oggi stai pregando per noi, per la tua famiglia e per la tua chiesa, a cui tu hai dato tanto&#8221;. Messaggi di ricordo sono stati letti anche dai militi della Croce Bianca e dal gruppo scout.<\/p>\n<p>Silenzio e grande commozione al momento dell&#8217;uscita della bara dalla cattedrale; da l\u00ec \u00e8 poi partita la processione, con in testa un&#8217;ambulanza della Croce Bianca.<\/p>\n<p>Luigi Costa, figlio di Josepha Costa, direttrice del museo navale romano di Albenga, lascia la moglie e le tre figlie Elisabetta, Vittoria ed Ottavia, che hanno deciso devolvere le offerte ricevute alla Caritas.<\/p>\n","protected":false},"excerpt":{"rendered":"<p>Albenga. Chiesa gremita e grande partecipazione oggi pomeriggio alle 15,30 per i funerali di Luigi Costa nella cattedrale di San Michele di Albenga. Il dirigente dell\u2019azienda informatica EA Sistemi, stroncato da infarto fulminante a 53 anni, era molto conosciuto sotto le torri ingaune per il suo impegno negli scout e in Croce Bianca (era stato [&hellip;]<\/p>\n","protected":false},"author":13744,"featured_media":0,"comment_status":"open","ping_status":"closed","sticky":false,"template":"","format":"standard","meta":{"footnotes":""},"categories":[34],"tags":[85841,51540],"class_list":["post-257252","post","type-post","status-publish","format-standard","hentry","category-cronaca","tag-albenga","tag-luigi-costa","post_cat_citta-albenga"],"amp_validity":null,"amp_enabled":true,"_links":{"self":[{"href":"https:\/\/staging.ivg.it\/ediapi\/wp\/v2\/posts\/257252","targetHints":{"allow":["GET"]}}],"collection":[{"href":"https:\/\/staging.ivg.it\/ediapi\/wp\/v2\/posts"}],"about":[{"href":"https:\/\/staging.ivg.it\/ediapi\/wp\/v2\/types\/post"}],"author":[{"embeddable":true,"href":"https:\/\/staging.ivg.it\/ediapi\/wp\/v2\/users\/13744"}],"replies":[{"embeddable":true,"href":"https:\/\/staging.ivg.it\/ediapi\/wp\/v2\/comments?post=257252"}],"version-history":[{"count":0,"href":"https:\/\/staging.ivg.it\/ediapi\/wp\/v2\/posts\/257252\/revisions"}],"wp:attachment":[{"href":"https:\/\/staging.ivg.it\/ediapi\/wp\/v2\/media?parent=257252"}],"wp:term":[{"taxonomy":"category","embeddable":true,"href":"https:\/\/staging.ivg.it\/ediapi\/wp\/v2\/categories?post=257252"},{"taxonomy":"post_tag","embeddable":true,"href":"https:\/\/staging.ivg.it\/ediapi\/wp\/v2\/tags?post=257252"}],"curies":[{"name":"wp","href":"https:\/\/api.w.org\/{rel}","templated":true}]}}