{"id":257228,"date":"2014-01-30T11:39:02","date_gmt":"2014-01-30T10:39:02","guid":{"rendered":"http:\/\/www.ivg.it\/?p=257228"},"modified":"2014-01-30T11:39:02","modified_gmt":"2014-01-30T10:39:02","slug":"bartolomeo-gagliano-da-il-consenso-allestradizione-si-attende-la-decisione-dei-giudici-francesi","status":"publish","type":"post","link":"https:\/\/staging.ivg.it\/2014\/01\/bartolomeo-gagliano-da-il-consenso-allestradizione-si-attende-la-decisione-dei-giudici-francesi\/","title":{"rendered":"Bartolomeo Gagliano d\u00e0 il consenso all&#8217;estradizione: si attende la decisione dei giudici francesi"},"content":{"rendered":"<p><strong>Savona<\/strong>. Consenso all&#8217;estradizione. A darlo, ieri mattina, \u00e8 stato Bartolomeo Gagliano, il pluriomicida savonese evaso lo scorso 18 dicembre da un permesso premio e catturato dopo una latitanza di tre giorni a Mentone. Il s\u00ec al ritorno in Italia \u00e8 stato dato da Gagliano durante l&#8217;udienza che si \u00e8 tenuta ieri a Aix en Provence dove, in rappresentanza del suo legale Mario Iavicoli, l&#8217;imputato era assistito dall\u2019avvocato marsigliese Joseph Falbo. <\/p>\n<p>I giudici francesi hanno preso atto del consenso di Gagliano e, nel giro di qualche giorno, decideranno come procedere. La sensazione \u00e8 che il detenuto dovr\u00e0 scontare nel carcere transalpino tutta o buona parte della condanna (dieci mesi) inflittagli il 23 dicembre per detenzione di armi e falsificazione della carta d\u2019identit\u00e0.<\/p>\n","protected":false},"excerpt":{"rendered":"<p>Savona. Consenso all&#8217;estradizione. A darlo, ieri mattina, \u00e8 stato Bartolomeo Gagliano, il pluriomicida savonese evaso lo scorso 18 dicembre da un permesso premio e catturato dopo una latitanza di tre giorni a Mentone. Il s\u00ec al ritorno in Italia \u00e8 stato dato da Gagliano durante l&#8217;udienza che si \u00e8 tenuta ieri a Aix en Provence [&hellip;]<\/p>\n","protected":false},"author":2394,"featured_media":0,"comment_status":"open","ping_status":"closed","sticky":false,"template":"","format":"standard","meta":{"footnotes":""},"categories":[34],"tags":[50997,5648,50981,34297,2350,85850],"class_list":["post-257228","post","type-post","status-publish","format-standard","hentry","category-cronaca","tag-arresto-gagliano","tag-bartolomeo-gagliano","tag-evasione-gagliano","tag-gagliano","tag-nizza","tag-savona","post_cat_citta-savona"],"amp_validity":null,"amp_enabled":true,"_links":{"self":[{"href":"https:\/\/staging.ivg.it\/ediapi\/wp\/v2\/posts\/257228","targetHints":{"allow":["GET"]}}],"collection":[{"href":"https:\/\/staging.ivg.it\/ediapi\/wp\/v2\/posts"}],"about":[{"href":"https:\/\/staging.ivg.it\/ediapi\/wp\/v2\/types\/post"}],"author":[{"embeddable":true,"href":"https:\/\/staging.ivg.it\/ediapi\/wp\/v2\/users\/2394"}],"replies":[{"embeddable":true,"href":"https:\/\/staging.ivg.it\/ediapi\/wp\/v2\/comments?post=257228"}],"version-history":[{"count":0,"href":"https:\/\/staging.ivg.it\/ediapi\/wp\/v2\/posts\/257228\/revisions"}],"wp:attachment":[{"href":"https:\/\/staging.ivg.it\/ediapi\/wp\/v2\/media?parent=257228"}],"wp:term":[{"taxonomy":"category","embeddable":true,"href":"https:\/\/staging.ivg.it\/ediapi\/wp\/v2\/categories?post=257228"},{"taxonomy":"post_tag","embeddable":true,"href":"https:\/\/staging.ivg.it\/ediapi\/wp\/v2\/tags?post=257228"}],"curies":[{"name":"wp","href":"https:\/\/api.w.org\/{rel}","templated":true}]}}