{"id":257118,"date":"2014-01-28T14:40:30","date_gmt":"2014-01-28T13:40:30","guid":{"rendered":"http:\/\/www.ivg.it\/?p=257118"},"modified":"2014-01-29T08:10:52","modified_gmt":"2014-01-29T07:10:52","slug":"allerta-meteo-scuole-regolarmente-aperte-in-tutta-la-provincia","status":"publish","type":"post","link":"https:\/\/staging.ivg.it\/2014\/01\/allerta-meteo-scuole-regolarmente-aperte-in-tutta-la-provincia\/","title":{"rendered":"Allerta meteo, attesa neve in Valbormida e sulla costa: scuole regolarmente aperte in tutta la provincia"},"content":{"rendered":"<p><strong>Valbormida.<\/strong> Dopo una breve parentesi di qualche giorno, torna domani il maltempo sulla Liguria. La perturbazione che attraverser\u00e0 la nostra regione da ponente a levante porter\u00e0 precipitazioni diffuse su tutto il territorio, accompagnate localmente da qualche rovescio o temporale. <\/p>\n<p>La novit\u00e0 di queste ore \u00e8 rappresentata dal freddo, che determiner\u00e0 la natura delle precipitazioni: in Valbormida cadr\u00e0 la neve, con cumulate fino a qualche decina di centimetri e possibili rovesci nevosi. Lungo tutta la costa le precipitazioni saranno piovose, ad eccezione di qualche debole e locale sconfinamento, in corrispondenza delle valli esposte al flusso settentrionale, a partire dal tardo pomeriggio\/sera e fino alle prime ore del mattino di gioved\u00ec. Tuttavia le temperature relativamente alte in costa dovrebbero limitare eventuali attecchimenti.<\/p>\n<p>La Protezione Civile della Regione Liguria, in base alle previsioni del centro meteo Arpal di questa mattina, ha quindi emanato lo stato di allerta 1 per neve sull\u2019entroterra savonese e genovese, dalle ore 12 di domani, mercoled\u00ec 29 gennaio, alle ore 12 di dopodomani, gioved\u00ec 30 gennaio 2014.<\/p>\n<p>Al momento tutti i comuni della provincia savonese hanno deciso di mantenere aperte le scuole di ogni ordine e grado. Una decisione che conferma la linea seguita quest&#8217;inverno dalle amministrazioni: anche nella scorsa ondata di maltempo a chiudere le scuole erano stati soltanto i comuni del ponente, coinvolti dall&#8217;allerta 2 (quello di grado pi\u00f9 alto), mentre le amministrazioni del levante savonese, su cui vigeva l&#8217;allerta 1, avevano optato per l&#8217;apertura regolare.<\/p>\n<p>Pare ormai certa quindi, a meno di cambiamenti dell&#8217;ultim&#8217;ora, l&#8217;apertura delle scuole domani mattina, mentre la maggior parte delle amministrazioni comunali ha rimandato a domani ogni decisione per quanto riguarda la mattinata di gioved\u00ec. Eventuali chiusure verranno tempestivamente segnalate dalla redazione.<\/p>\n","protected":false},"excerpt":{"rendered":"<p>Valbormida. Dopo una breve parentesi di qualche giorno, torna domani il maltempo sulla Liguria. La perturbazione che attraverser\u00e0 la nostra regione da ponente a levante porter\u00e0 precipitazioni diffuse su tutto il territorio, accompagnate localmente da qualche rovescio o temporale. La novit\u00e0 di queste ore \u00e8 rappresentata dal freddo, che determiner\u00e0 la natura delle precipitazioni: in [&hellip;]<\/p>\n","protected":false},"author":13744,"featured_media":0,"comment_status":"open","ping_status":"closed","sticky":false,"template":"","format":"standard","meta":{"footnotes":""},"categories":[56],"tags":[3144,652,689],"class_list":["post-257118","post","type-post","status-publish","format-standard","hentry","category-altre","tag-allerta-meteo","tag-meteo","tag-scuole"],"amp_validity":null,"amp_enabled":true,"_links":{"self":[{"href":"https:\/\/staging.ivg.it\/ediapi\/wp\/v2\/posts\/257118","targetHints":{"allow":["GET"]}}],"collection":[{"href":"https:\/\/staging.ivg.it\/ediapi\/wp\/v2\/posts"}],"about":[{"href":"https:\/\/staging.ivg.it\/ediapi\/wp\/v2\/types\/post"}],"author":[{"embeddable":true,"href":"https:\/\/staging.ivg.it\/ediapi\/wp\/v2\/users\/13744"}],"replies":[{"embeddable":true,"href":"https:\/\/staging.ivg.it\/ediapi\/wp\/v2\/comments?post=257118"}],"version-history":[{"count":0,"href":"https:\/\/staging.ivg.it\/ediapi\/wp\/v2\/posts\/257118\/revisions"}],"wp:attachment":[{"href":"https:\/\/staging.ivg.it\/ediapi\/wp\/v2\/media?parent=257118"}],"wp:term":[{"taxonomy":"category","embeddable":true,"href":"https:\/\/staging.ivg.it\/ediapi\/wp\/v2\/categories?post=257118"},{"taxonomy":"post_tag","embeddable":true,"href":"https:\/\/staging.ivg.it\/ediapi\/wp\/v2\/tags?post=257118"}],"curies":[{"name":"wp","href":"https:\/\/api.w.org\/{rel}","templated":true}]}}