{"id":257104,"date":"2014-01-28T11:51:52","date_gmt":"2014-01-28T10:51:52","guid":{"rendered":"http:\/\/www.ivg.it\/?p=257104"},"modified":"2014-01-28T17:10:14","modified_gmt":"2014-01-28T16:10:14","slug":"agenzia-trasporto-pubblico-vesco-se-savona-e-imperia-non-aderiscono-non-esiste-un-piano-b","status":"publish","type":"post","link":"https:\/\/staging.ivg.it\/2014\/01\/agenzia-trasporto-pubblico-vesco-se-savona-e-imperia-non-aderiscono-non-esiste-un-piano-b\/","title":{"rendered":"Agenzia Trasporto Pubblico, Vesco: &#8220;Se Savona e Imperia non aderiscono non esiste un piano B&#8221;"},"content":{"rendered":"<p><strong>Liguria.<\/strong> I dubbi savonesi e imperiesi a proposito della istituzione dell&#8217;agenzia unica del trasporto pubblico potrebbero bloccare tutto l&#8217;iter posto faticosamente in essere. Di pi\u00f9: se Savona e Imperia non aderiranno non vi \u00e8 un paracadute, e non esiste un piano B. A dirlo a chiare lettere \u00e8 l&#8217;assessore regionale Enrico Vesco.<\/p>\n<p>&#8220;Se esiste un piano B? Certamento per ora l&#8217;obiettivo \u00e8 di ottenere la condivisione dei due territori &#8211; dice Vesco &#8211; Oltretutto mi pare che anche dal punto di vista sindacale e dei dipendenti di quelle aziende ci sia il s\u00ec, quindi le due Province, se continueranno con questo atteggiamento, dovranno renderne conto anche a loro. Abbiamo tempi molto stretti, parliamo di met\u00e0 di marzo, e davanti ai contenuti e ai toni utilizzati nella conferenza stampa convocata dai presidenti Sappa e Vaccarezza, mi pare che rispettare quella data sia impossibile. Abbiamo la necessit\u00e0 di recuperare il rapporto con loro, con un incontro che si terr\u00e0 a breve&#8221;.<\/p>\n<p>&#8220;Mi pare che i loro toni indichino una volont\u00e0 di tornare al via, a tre anni fa &#8211; continua l&#8217;assessore regionale &#8211; Francamente non voglio ripercorrere tre anni di discussioni inutili e quindi il piano B non c&#8217;\u00e8. Ovvio che perdere due territori cos\u00ec importanti limiterebbe molto la funzione di quella legge e dunque dovremo dire che non se ne far\u00e0 pi\u00f9 nulla, ma non sarebbe un bene per il trasporto pubblico locale, per le aziende che comunque collasserebbero tutte, e non faremmo il bene dei cittadini&#8221;.<\/p>\n<p>Aggiunge Vesco: &#8220;Ovvio che i dubbi savonesi sono in grado di bloccare tutto l&#8217;iter. Noi abbiamo in mano una lettera di adesione, dopodich\u00e9 si dovrebbe dare il via alla fase di definizione dell&#8217;agenzia, ossia di questa societ\u00e0 per azioni, definendone la partecipazione, lo statuto, le quote sociali. Io sono disponibile a incontrare Vaccarezza e Sappa se hanno dubbi su come verr\u00e0 delineata questa agenzia. Se si vuole invece mettere in discussione la legge, dunque l&#8217;impostazione complessiva che la Regione ha dato alla riforma del trasporto pubblico della nostra regione, credo sia tardi. Trasformare in battaglia politica quella che \u00e8 una riforma necessaria del trapsorto pubblico locale \u00e8 un errore imperdonabile&#8221;.<\/p>\n","protected":false},"excerpt":{"rendered":"<p>Liguria. I dubbi savonesi e imperiesi a proposito della istituzione dell&#8217;agenzia unica del trasporto pubblico potrebbero bloccare tutto l&#8217;iter posto faticosamente in essere. Di pi\u00f9: se Savona e Imperia non aderiranno non vi \u00e8 un paracadute, e non esiste un piano B. A dirlo a chiare lettere \u00e8 l&#8217;assessore regionale Enrico Vesco. &#8220;Se esiste un [&hellip;]<\/p>\n","protected":false},"author":13744,"featured_media":0,"comment_status":"open","ping_status":"closed","sticky":false,"template":"","format":"standard","meta":{"footnotes":""},"categories":[31],"tags":[51561,907,393,85850,6164],"class_list":["post-257104","post","type-post","status-publish","format-standard","hentry","category-politica","tag-agenzia-unica-tpl","tag-enrico-vesco","tag-liguria","tag-savona","tag-tpl","post_cat_citta-andora","post_cat_citta-savona"],"amp_validity":null,"amp_enabled":true,"_links":{"self":[{"href":"https:\/\/staging.ivg.it\/ediapi\/wp\/v2\/posts\/257104","targetHints":{"allow":["GET"]}}],"collection":[{"href":"https:\/\/staging.ivg.it\/ediapi\/wp\/v2\/posts"}],"about":[{"href":"https:\/\/staging.ivg.it\/ediapi\/wp\/v2\/types\/post"}],"author":[{"embeddable":true,"href":"https:\/\/staging.ivg.it\/ediapi\/wp\/v2\/users\/13744"}],"replies":[{"embeddable":true,"href":"https:\/\/staging.ivg.it\/ediapi\/wp\/v2\/comments?post=257104"}],"version-history":[{"count":0,"href":"https:\/\/staging.ivg.it\/ediapi\/wp\/v2\/posts\/257104\/revisions"}],"wp:attachment":[{"href":"https:\/\/staging.ivg.it\/ediapi\/wp\/v2\/media?parent=257104"}],"wp:term":[{"taxonomy":"category","embeddable":true,"href":"https:\/\/staging.ivg.it\/ediapi\/wp\/v2\/categories?post=257104"},{"taxonomy":"post_tag","embeddable":true,"href":"https:\/\/staging.ivg.it\/ediapi\/wp\/v2\/tags?post=257104"}],"curies":[{"name":"wp","href":"https:\/\/api.w.org\/{rel}","templated":true}]}}