{"id":257034,"date":"2014-01-27T11:48:23","date_gmt":"2014-01-27T10:48:23","guid":{"rendered":"http:\/\/www.ivg.it\/?p=257034"},"modified":"2014-01-27T17:01:09","modified_gmt":"2014-01-27T16:01:09","slug":"festa-della-ginnastica-numerosi-riconoscimenti-per-la-ligure-albenga","status":"publish","type":"post","link":"https:\/\/staging.ivg.it\/2014\/01\/festa-della-ginnastica-numerosi-riconoscimenti-per-la-ligure-albenga\/","title":{"rendered":"Festa della Ginnastica: numerosi riconoscimenti per la Ligure Albenga"},"content":{"rendered":"<p><strong>Albenga<\/strong>. Si \u00e8 svolta ieri a Genova, presso il PalaAuxilium di via Cagliari, l&#8217;annuale Festa della Ginnastica della Federazione Ginnastica d&#8217;Italia. In questa occasione vengono premiati i campioni regionali dell&#8217;anno sportivo appena concluso.<\/p>\n<p>Per la Ginnastica Ligure Albenga sono state premiate nella ginnastica ritmica numerose atlete. Si tratta di Irene Pippo e Salom\u00e8 Pontanari, campionesse di categoria rispettivamente Senior e Allieve prima fascia; Anna Pippo per il campionato di specialit\u00e0; Sara Valdisserra, Salom\u00e8 Pontanari, Greta Gualco e Maia Felandro per il campionato di Serie C; Anna Pippo, Laura Rolando, Sara Valdisserra, Ludovica Dentella e Aurora Freccero per il campionato di squadra insieme.<\/p>\n<p>Molte le ginnaste premiate nel settore Gpt, la sezione federale riservata alla &#8220;ginnastica per tutti&#8221;, un settore agonistico pi\u00f9 accessibile alle ginnaste di ogni et\u00e0, dove l&#8217;attivit\u00e0 agonistica\u00a0richiede impegno e passione, ma con qualche sacrificio in meno rispetto alle cosiddette Sezioni Olimpiche.<\/p>\n<p>In questo settore sono state premiate le squadre di sincrogym della Ginnastica Ligure Albenga e della Polisportiva Quiliano, le squadre di Coppa Italia di Quiliano e diverse ginnaste del Torneo Gpt, sia della Ligure Albenga che di Quiliano.<\/p>\n<p>Altri importanti riconoscimenti nella sezione artistica sono stati assegnati alla Fratellanza Ginnastica Savonese, neopromossa in Serie A.<\/p>\n<p>Molto apprezzata una esibizione coreografica della Ginnastica Ligure Albenga che, insieme ad alcune di altre societ\u00e0, ha arricchito la manifestazione.<\/p>\n","protected":false},"excerpt":{"rendered":"<p>Albenga. Si \u00e8 svolta ieri a Genova, presso il PalaAuxilium di via Cagliari, l&#8217;annuale Festa della Ginnastica della Federazione Ginnastica d&#8217;Italia. In questa occasione vengono premiati i campioni regionali dell&#8217;anno sportivo appena concluso. Per la Ginnastica Ligure Albenga sono state premiate nella ginnastica ritmica numerose atlete. Si tratta di Irene Pippo e Salom\u00e8 Pontanari, campionesse [&hellip;]<\/p>\n","protected":false},"author":13744,"featured_media":0,"comment_status":"open","ping_status":"closed","sticky":false,"template":"","format":"standard","meta":{"footnotes":""},"categories":[42377,32],"tags":[7817,3619,9587,21877],"class_list":["post-257034","post","type-post","status-publish","format-standard","hentry","category-altri-sport","category-sport","tag-anna-pippo","tag-ginnastica-ligure-albenga","tag-irene-pippo","tag-salome-pontanari","post_cat_citta-albenga"],"amp_validity":null,"amp_enabled":true,"_links":{"self":[{"href":"https:\/\/staging.ivg.it\/ediapi\/wp\/v2\/posts\/257034","targetHints":{"allow":["GET"]}}],"collection":[{"href":"https:\/\/staging.ivg.it\/ediapi\/wp\/v2\/posts"}],"about":[{"href":"https:\/\/staging.ivg.it\/ediapi\/wp\/v2\/types\/post"}],"author":[{"embeddable":true,"href":"https:\/\/staging.ivg.it\/ediapi\/wp\/v2\/users\/13744"}],"replies":[{"embeddable":true,"href":"https:\/\/staging.ivg.it\/ediapi\/wp\/v2\/comments?post=257034"}],"version-history":[{"count":0,"href":"https:\/\/staging.ivg.it\/ediapi\/wp\/v2\/posts\/257034\/revisions"}],"wp:attachment":[{"href":"https:\/\/staging.ivg.it\/ediapi\/wp\/v2\/media?parent=257034"}],"wp:term":[{"taxonomy":"category","embeddable":true,"href":"https:\/\/staging.ivg.it\/ediapi\/wp\/v2\/categories?post=257034"},{"taxonomy":"post_tag","embeddable":true,"href":"https:\/\/staging.ivg.it\/ediapi\/wp\/v2\/tags?post=257034"}],"curies":[{"name":"wp","href":"https:\/\/api.w.org\/{rel}","templated":true}]}}