{"id":257021,"date":"2014-01-27T09:28:00","date_gmt":"2014-01-27T08:28:00","guid":{"rendered":"http:\/\/www.ivg.it\/?p=257021"},"modified":"2014-01-28T13:40:11","modified_gmt":"2014-01-28T12:40:11","slug":"albenga-trovato-cadavere-sulle-rive-del-centa","status":"publish","type":"post","link":"https:\/\/staging.ivg.it\/2014\/01\/albenga-trovato-cadavere-sulle-rive-del-centa\/","title":{"rendered":"Giallo ad Albenga, trovato cadavere sulle rive del Centa"},"content":{"rendered":"<p><strong>Albenga.<\/strong> <em>Aggiornamento 12.40 &#8211;<\/em> Prende sempre pi\u00f9 corpo l&#8217;ipotesi di una morte naturale per Franco Calvi. L&#8217;82enne viveva da solo in un alloggio in pessime condizioni igienico-sanitarie, nel quale non aveva nemmeno il bagno, e diversi testimoni riferiscono che l&#8217;uomo avesse l&#8217;abitudine di fare i propri bisogni all&#8217;aperto proprio per questa ragione. La teoria \u00e8 quindi che l&#8217;uomo sia morto per un malore o per qualche altro fattore naturale dovuto all&#8217;et\u00e0 o alle condizioni di vita, e che la nudit\u00e0 del cadavere non abbia ragioni delittuose.<\/p>\n<p>Il pm Chiara Venturi ha disposto un esame esterno della salma, che verr\u00e0 effettuato dal medico legale Marco Canepa, volto ad accertare l&#8217;assenza di traumi che possano far pensare a una morte violenta. Una eventuale autopsia verr\u00e0 disposta solo in caso rimanessero dubbi al termine dell&#8217;esame esterno.<\/p>\n<p>&#8211; E&#8217; stato ritrovato un cadavere in localit\u00e0 Molino, nella frazione di Lusignano, sugli argini del fiume Centa. Si tratta di un uomo di 82 anni, Franco Calvi, residente nella zona di San Fedele.<\/p>\n<p>Per il momento sulle cause della morte non arriva nessuna informazione e gli investigatori mantengono il pi\u00f9 stretto riserbo.\u00a0Da quanto trapelato sembra che non ci siano ferite evidenti,\u00a0segni di coltellate o\u00a0 di arma da fuoco. L&#8217;esame del medico legale ha accertato che la morte risalirebbe all&#8217;alba, e l&#8217;ipotesi che sta prendendo corpo negli ultimi minuti \u00e8 che l&#8217;uomo possa essersi fermato per espletare dei bisogni e sia stato colto da malore: il cadavere infatti era parzialmente svestito, e non indossava i pantaloni. La morte potrebbe essere stata causata quindi da un malore improvviso, ma non si pu\u00f2 escludere ancora nemmeno un evento traumatico o un assideramento.<\/p>\n<p>A trovarlo, questa mattina, un uomo che stava facendo jogging. Accanto al corpo, che \u00e8 stato trasferito all&#8217;obitorio del Santa Corona in attesa dell&#8217;autopsia, \u00e8 stata trovata una bicicletta. In Regione Molino sono tuttora in corso i rilievi dei militari, mentre il sopralluogo nell&#8217;alloggio di San Fedele dove l&#8217;uomo viveva da solo non ha dato riscontri.<\/p>\n","protected":false},"excerpt":{"rendered":"<p>Albenga. Aggiornamento 12.40 &#8211; Prende sempre pi\u00f9 corpo l&#8217;ipotesi di una morte naturale per Franco Calvi. L&#8217;82enne viveva da solo in un alloggio in pessime condizioni igienico-sanitarie, nel quale non aveva nemmeno il bagno, e diversi testimoni riferiscono che l&#8217;uomo avesse l&#8217;abitudine di fare i propri bisogni all&#8217;aperto proprio per questa ragione. La teoria \u00e8 [&hellip;]<\/p>\n","protected":false},"author":10593,"featured_media":0,"comment_status":"open","ping_status":"closed","sticky":false,"template":"","format":"standard","meta":{"footnotes":""},"categories":[34],"tags":[401,228,7510],"class_list":["post-257021","post","type-post","status-publish","format-standard","hentry","category-cronaca","tag-cadavere","tag-carabinieri","tag-fiume-centa","post_cat_citta-albenga"],"amp_validity":null,"amp_enabled":true,"_links":{"self":[{"href":"https:\/\/staging.ivg.it\/ediapi\/wp\/v2\/posts\/257021","targetHints":{"allow":["GET"]}}],"collection":[{"href":"https:\/\/staging.ivg.it\/ediapi\/wp\/v2\/posts"}],"about":[{"href":"https:\/\/staging.ivg.it\/ediapi\/wp\/v2\/types\/post"}],"author":[{"embeddable":true,"href":"https:\/\/staging.ivg.it\/ediapi\/wp\/v2\/users\/10593"}],"replies":[{"embeddable":true,"href":"https:\/\/staging.ivg.it\/ediapi\/wp\/v2\/comments?post=257021"}],"version-history":[{"count":0,"href":"https:\/\/staging.ivg.it\/ediapi\/wp\/v2\/posts\/257021\/revisions"}],"wp:attachment":[{"href":"https:\/\/staging.ivg.it\/ediapi\/wp\/v2\/media?parent=257021"}],"wp:term":[{"taxonomy":"category","embeddable":true,"href":"https:\/\/staging.ivg.it\/ediapi\/wp\/v2\/categories?post=257021"},{"taxonomy":"post_tag","embeddable":true,"href":"https:\/\/staging.ivg.it\/ediapi\/wp\/v2\/tags?post=257021"}],"curies":[{"name":"wp","href":"https:\/\/api.w.org\/{rel}","templated":true}]}}