{"id":257014,"date":"2014-01-27T08:22:43","date_gmt":"2014-01-27T07:22:43","guid":{"rendered":"http:\/\/www.ivg.it\/?p=257014"},"modified":"2014-01-27T08:45:08","modified_gmt":"2014-01-27T07:45:08","slug":"giornata-della-memoria-verdi-escludono-alleanze-con-la-lega-impossibili-accordi-con-fautori-di-razzismo-e-xenofobia","status":"publish","type":"post","link":"https:\/\/staging.ivg.it\/2014\/01\/giornata-della-memoria-verdi-escludono-alleanze-con-la-lega-impossibili-accordi-con-fautori-di-razzismo-e-xenofobia\/","title":{"rendered":"Giorno della Memoria, i Verdi escludono alleanze con la Lega: &#8220;Impossibili accordi con fautori di razzismo e xenofobia&#8221;"},"content":{"rendered":"<p>&#8220;Nei programmi delle prossime elezioni dovr\u00e0 essere chiara l&#8217;impossibilit\u00e0 di accordi programmatici con i fautori del razzismo e della xenofobia&#8221;. A dirlo \u00e8 Gabriello Castellazzi, portavoce savonese dei Verdi, sulla scia delle celebrazioni per il &#8220;Giorno della memoria&#8221;, a 69 anni dalla liberazione del campo di concentramento di Auschwitz ad opera dell&#8217;esercito russo.<\/p>\n<p>&#8220;Il Giorno della memoria non pu\u00f2 essere solo il ricordo di una immane tragedia storica &#8211; prosegue Castellazzi &#8211; La ricorrenza che celebriamo deve lasciare un messaggio anche per l&#8217;azione politica di tutti i sinceri democratici. Quindi, in vista delle elezioni per l&#8217;Europa i Verdi hanno gi\u00e0 indicato programmi precisi che segneranno i limiti del dialogo tra le forze politiche impegnate nelle elezioni amministrative per la nomina dei Sindaci dei Comuni italiani&#8221;.<\/p>\n<p>&#8220;Nel Parlamento europeo i Verdi sono una forza notevole (oggi 55 rappresentanti di 30 paesi) che punta ad un ulteriore ampliamento nelle elezioni del prossimo maggio &#8211; rimarca il portavoce &#8211; La concomitanza di queste elezioni amministrative italiane d\u00e0 la possibilit\u00e0 di una valutazione unitaria sulle linee programmatiche. Per i Verdi europei un punto fondamentale stabilisce i limiti del dialogo politico: non vi \u00e8 alcuna possibilit\u00e0 di accordo con chi vuole sdoganare razzismo e xenofobia, alimentando nazionalismi e intolleranza verso i cittadini del mondo&#8221;.<\/p>\n<p>&#8220;L&#8217;ambiente naturale e l&#8217;ambiente sociale sono collegati in un&#8217;unica entit\u00e0. Entrambi sopravvivono in sintonia e devono essere orientati su di una linea di progresso. Come la democrazia reale non pu\u00f2 avere confini in quanto diritto inalienabile di tutti i popoli,<br \/>\ncos\u00ec non pu\u00f2 avere confini l&#8217;impegno per il risanamento dell&#8217;ambiente: una crisi ambientale \u00e8 una crisi globale &#8211; spiega Castellazzi &#8211; Nei paesi dove la democrazia \u00e8 stata umiliata hanno poi trovato spazio razzismo e xenofobia. Si \u00e8 quindi visto il repentino prevalere delle ecomafie sulle regole della convivenza civile con il conseguente avvelenamento dei territori&#8221;.<\/p>\n<p>L&#8217;attacco \u00e8 rivolto soprattutto alla Lega Nord: &#8220;Il pericolo che incombe a tutti i livelli, nazionali ed europei, ci costringe ad esaminare alcuni dati oggettivi. La Lega Nord (alleata con Forza Italia nel governo delle pi\u00f9 importanti regioni italiane) ha scelto in modo deciso di unirsi all&#8217;estrema destra europea. Nel novembre scorso la Lega Nord \u00e8 ufficialmente confluita nell&#8217;eurogruppo \u201cAlleanza europea per la libert\u00e0\u201d &#8211; forza politica che comprende l&#8217;estrema destra austriaca Fpo (del fu Heider) e il Fronte Nazionale francese di Le Pen&#8221;.<\/p>\n<p>&#8220;Nei programmi per le elezioni amministrative locali, come per quelle europee, si dovr\u00e0 tener conto degli impegni relativi alla civile convivenza tra cittadini provenienti da ogni parte del mondo &#8211; conclude il portavoce dei Verdi &#8211; I Verdi savonesi si sentono impegnati per la formazioni di coalizioni che vedano l&#8217;unit\u00e0 tra partiti o movimenti e che credano sinceramente nella solidariet\u00e0 tra i cittadini contro ogni forma  di discriminazione&#8221;.<\/p>\n","protected":false},"excerpt":{"rendered":"<p>&#8220;Nei programmi delle prossime elezioni dovr\u00e0 essere chiara l&#8217;impossibilit\u00e0 di accordi programmatici con i fautori del razzismo e della xenofobia&#8221;. A dirlo \u00e8 Gabriello Castellazzi, portavoce savonese dei Verdi, sulla scia delle celebrazioni per il &#8220;Giorno della memoria&#8221;, a 69 anni dalla liberazione del campo di concentramento di Auschwitz ad opera dell&#8217;esercito russo. &#8220;Il Giorno [&hellip;]<\/p>\n","protected":false},"author":13744,"featured_media":0,"comment_status":"open","ping_status":"closed","sticky":false,"template":"","format":"standard","meta":{"footnotes":""},"categories":[31],"tags":[2988,6082,630,499],"class_list":["post-257014","post","type-post","status-publish","format-standard","hentry","category-politica","tag-gabriello-castellazzi","tag-giornata-della-memoria","tag-lega-nord","tag-verdi"],"amp_validity":null,"amp_enabled":true,"_links":{"self":[{"href":"https:\/\/staging.ivg.it\/ediapi\/wp\/v2\/posts\/257014","targetHints":{"allow":["GET"]}}],"collection":[{"href":"https:\/\/staging.ivg.it\/ediapi\/wp\/v2\/posts"}],"about":[{"href":"https:\/\/staging.ivg.it\/ediapi\/wp\/v2\/types\/post"}],"author":[{"embeddable":true,"href":"https:\/\/staging.ivg.it\/ediapi\/wp\/v2\/users\/13744"}],"replies":[{"embeddable":true,"href":"https:\/\/staging.ivg.it\/ediapi\/wp\/v2\/comments?post=257014"}],"version-history":[{"count":0,"href":"https:\/\/staging.ivg.it\/ediapi\/wp\/v2\/posts\/257014\/revisions"}],"wp:attachment":[{"href":"https:\/\/staging.ivg.it\/ediapi\/wp\/v2\/media?parent=257014"}],"wp:term":[{"taxonomy":"category","embeddable":true,"href":"https:\/\/staging.ivg.it\/ediapi\/wp\/v2\/categories?post=257014"},{"taxonomy":"post_tag","embeddable":true,"href":"https:\/\/staging.ivg.it\/ediapi\/wp\/v2\/tags?post=257014"}],"curies":[{"name":"wp","href":"https:\/\/api.w.org\/{rel}","templated":true}]}}