{"id":256901,"date":"2014-01-24T16:08:28","date_gmt":"2014-01-24T15:08:28","guid":{"rendered":"http:\/\/www.ivg.it\/?p=256901"},"modified":"2014-01-25T14:00:41","modified_gmt":"2014-01-25T13:00:41","slug":"un-foglio-consegnato-al-pm-ferro-e-la-procura-si-scatena-retroscena-della-svolta-nellindagine-sul-treno-deragliato","status":"publish","type":"post","link":"https:\/\/staging.ivg.it\/2014\/01\/un-foglio-consegnato-al-pm-ferro-e-la-procura-si-scatena-retroscena-della-svolta-nellindagine-sul-treno-deragliato\/","title":{"rendered":"Un foglio consegnato al pm Ferro e la Procura si &#8220;scatena&#8221;: i retroscena della svolta nell&#8217;indagine sul treno deragliato"},"content":{"rendered":"<p><strong>Savona<\/strong>. Il mare si \u00e8 agitato poco prima delle 13. E&#8217; intorno a quell&#8217;ora che il vicesindaco di Andora Alessandro Cibien \u00e8 entrato con un foglio in mano nell&#8217;ufficio del sostituto procuratore Giovanni Battista Ferro. Di l\u00ec a poco infatti l&#8217;atmosfera degli uffici del sesto piano di palazzo di Giustizia \u00e8 visibilmente cambiata.<\/p>\n<p>Per capire che l&#8217;oggetto della conversazione non poteva essere &#8220;solo&#8221; il dissequestro degli uffici e delle pratiche del palazzo comunale \u00e8 bastato osservare le reazioni e i volti del pm Ferro e degli uomini della polizia giudiziaria. Dopo qualche minuto di conversazione con il vicesindaco Cibien, il sostituto procuratore titolare dell&#8217;inchiesta sul treno deragliato \u00e8 andato nell&#8217;ufficio del Procuratore Granero con il &#8220;misterioso&#8221; foglio in mano. Poco dopo anche l&#8217;amministratore della Giunta andorese \u00e8 stato ricevuto nella stanza del capo dell&#8217;Ufficio. Per quasi mezzora i tre sono rimasti a colloquio insieme e, una volta terminato l&#8217;incontro, negli uffici del sesto piano si \u00e8 scatenato un continuo via vai da una stanza all&#8217;altra. Passaggi di fogli, fotocopie e poi diversi uomini della polizia giudiziaria sono usciti dal palazzo (forse per eseguire delle perquisizioni?).<\/p>\n<p>A quel punto l&#8217;atmosfera \u00e8 tornata ad essere pi\u00f9 calma, ma che qualcosa di importante fosse accaduto era evidente. Nonostante poco dopo il Procuratore abbia gettato acqua sul fuoco, motivando la visita di Cibien come un incontro per discutere esclusivamente di questioni legate al dissequestro degli uffici comunali, \u00e8 apparso chiaro che in Procura fossero appena arrivate novit\u00e0 sull&#8217;inchiesta del deragliamento.<\/p>\n<p>Come \u00e8 stato poi confermato nel pomeriggio dal sindaco di Andora Franco Floris, il documento consegnato ai magistrati altro non era che una segnalazione inviata nei mesi scorsi da un privato alle Ferrovie. Una comunicazione nella quale, secondo quanto trapelato, si segnalavano movimenti franosi nella tratta tra Andora e San Lorenzo. Un elemento che, inevitabilmente, potrebbe spostare l&#8217;attenzione della Procura anche su eventuali responsabilit\u00e0 ed omissioni di Rete Ferroviaria Italiana.<br \/>\nAlla luce di queste novit\u00e0 sicuramente gli inquirenti, a partire da oggi, svolgeranno accertamenti per capire se, quando e quante segnalazioni di frane e dissesti lungo il binario unico possano essere arrivate negli uffici delle Ferrovie. Una volta verificata la presenza di queste comunicazioni i magistrati dovranno capire se Rfi si sia correttamente attivata per valutare le eventuali situazioni di pericolo.<\/p>\n","protected":false},"excerpt":{"rendered":"<p>Savona. Il mare si \u00e8 agitato poco prima delle 13. E&#8217; intorno a quell&#8217;ora che il vicesindaco di Andora Alessandro Cibien \u00e8 entrato con un foglio in mano nell&#8217;ufficio del sostituto procuratore Giovanni Battista Ferro. Di l\u00ec a poco infatti l&#8217;atmosfera degli uffici del sesto piano di palazzo di Giustizia \u00e8 visibilmente cambiata. Per capire [&hellip;]<\/p>\n","protected":false},"author":2394,"featured_media":0,"comment_status":"open","ping_status":"closed","sticky":false,"template":"","format":"standard","meta":{"footnotes":""},"categories":[34],"tags":[51379,636,2838],"class_list":["post-256901","post","type-post","status-publish","format-standard","hentry","category-cronaca","tag-deragliamento","tag-ferrovie","tag-frana","post_cat_citta-savona"],"amp_validity":null,"amp_enabled":true,"_links":{"self":[{"href":"https:\/\/staging.ivg.it\/ediapi\/wp\/v2\/posts\/256901","targetHints":{"allow":["GET"]}}],"collection":[{"href":"https:\/\/staging.ivg.it\/ediapi\/wp\/v2\/posts"}],"about":[{"href":"https:\/\/staging.ivg.it\/ediapi\/wp\/v2\/types\/post"}],"author":[{"embeddable":true,"href":"https:\/\/staging.ivg.it\/ediapi\/wp\/v2\/users\/2394"}],"replies":[{"embeddable":true,"href":"https:\/\/staging.ivg.it\/ediapi\/wp\/v2\/comments?post=256901"}],"version-history":[{"count":0,"href":"https:\/\/staging.ivg.it\/ediapi\/wp\/v2\/posts\/256901\/revisions"}],"wp:attachment":[{"href":"https:\/\/staging.ivg.it\/ediapi\/wp\/v2\/media?parent=256901"}],"wp:term":[{"taxonomy":"category","embeddable":true,"href":"https:\/\/staging.ivg.it\/ediapi\/wp\/v2\/categories?post=256901"},{"taxonomy":"post_tag","embeddable":true,"href":"https:\/\/staging.ivg.it\/ediapi\/wp\/v2\/tags?post=256901"}],"curies":[{"name":"wp","href":"https:\/\/api.w.org\/{rel}","templated":true}]}}