{"id":256874,"date":"2014-01-24T10:50:16","date_gmt":"2014-01-24T09:50:16","guid":{"rendered":"http:\/\/www.ivg.it\/?p=256874"},"modified":"2014-01-24T10:50:16","modified_gmt":"2014-01-24T09:50:16","slug":"cento-un-secolo-di-vado-calcio-presentato-il-libro-dedicato-alla-storia-rossoblu","status":"publish","type":"post","link":"https:\/\/staging.ivg.it\/2014\/01\/cento-un-secolo-di-vado-calcio-presentato-il-libro-dedicato-alla-storia-rossoblu\/","title":{"rendered":"&#8220;Cento. Un secolo di Vado Calcio&#8221;: presentato il libro dedicato alla storia rossobl\u00f9"},"content":{"rendered":"<p><strong>Vado Ligure<\/strong>. Ieri, al parco turistico commerciale Molo 8.44, \u00e8 stato presentato il libro &#8220;Cento. Un secolo di Vado Calcio&#8221;, realizzato per i cento anni del club rossobl\u00f9, edito dal Comune di Vado Ligure e realizzato dalla Cooperativa Editoriale ABC \u2013 Idee per la Comunicazione.<\/p>\n<p>Una pubblicazione che rappresenta un unicum nel panorama delle pubblicazioni sportive. Non solo per l&#8217;occasione speciale, i cento anni del Vado F.C., quanto per la linea che si \u00e8 scelta per raccontare i protagonisti che hanno portato alto il nome del Vado nel panorama calcistico nazionale. Una pubblicazione dal forte risvolto umano e sociale. Fatica, sudore e sacrifici. Ma anche delusioni, trionfi e record.<\/p>\n<p>&#8220;Il libro &#8211; dichiara il presidente nazionale del Coni, Giovanni Malag\u00f2 &#8211; \u00e8 un entusiasmante viaggio nelle pieghe del secolo trascorso che fa da preludio a un domani ricco di promesse e altre gioie. Il club vadese interpreta in modo fedele il significato pi\u00f9 nobile dello sport&#8221;. Risultati ma anche e soprattutto valori in campo e fuori. Anche questo lo spirito di \u201cCento\u201d.<\/p>\n<p>&#8220;Non tutti i club &#8211; rimarca l&#8217;assessore regionale allo Sport, Matteo Rossi &#8211; possono vantare una storia lunga un secolo. Sono tanti gli eroi che hanno avuto l&#8217;onore di giocare con la maglia del Vado Calcio. Levratto e Bacigalupo solo per citarne alcuni&#8221;. \u201cLeggende\u201d del Vado ma anche aneddoti raccontati dai tifosi e il calcio visto dalle donne.<\/p>\n<p>&#8220;Questo libro &#8211; sottolinea il sindaco di Vado Ligure, Attilio Caviglia &#8211; vuole essere una festa per tutta la citt\u00e0. Dietro a un club capace di emozionare tifosi c&#8217;\u00e8 infatti tutta una comunit\u00e0 che ha sospirato dietro a ogni azione della squadra rossobl\u00f9. L&#8217;intento \u00e8 anche questo: raccontare una storia nella storia&#8221;.<\/p>\n<p>&#8220;E&#8217; un onore &#8211; afferma il presidente del Vado F.C., Franco Tarabotto &#8211; essere alla guida di una squadra che trasuda di storia ma guarda anche al futuro con investimenti nelle strutture e nei settori giovanili, senza dimenticare la grande importanza del settore femminile&#8221;.<\/p>\n<p>&#8220;Cento. Un secolo di Vado Calcio\u201d \u00e8 stato realizzato grazie al contributo di Regione Liguria, Acquario di Genova, Costa Edutainment Experience, Saar Depositi Portuali, Molo 8.44, Infineum e con il patrocinio del Comune di Vado Ligure. Il progetto grafico della pubblicazione \u00e8 a cura di Ore Piccole.<\/p>\n<p>Al termine della presentazione \u00e8 stato offerto un rinfresco a cura del ristorante \u201cLo Bl\u00f2\u201d al Molo 8.44. E sempre al parco turistico commerciale vadese \u00e8 possibile assistere alla mostra fotografica \u201cScatti rossobl\u00f9\u201d realizzata dalla Cooperativa ABC e Ore Piccole e aperta fino al 31 gennaio.<\/p>\n","protected":false},"excerpt":{"rendered":"<p>Vado Ligure. Ieri, al parco turistico commerciale Molo 8.44, \u00e8 stato presentato il libro &#8220;Cento. Un secolo di Vado Calcio&#8221;, realizzato per i cento anni del club rossobl\u00f9, edito dal Comune di Vado Ligure e realizzato dalla Cooperativa Editoriale ABC \u2013 Idee per la Comunicazione. Una pubblicazione che rappresenta un unicum nel panorama delle pubblicazioni [&hellip;]<\/p>\n","protected":false},"author":13744,"featured_media":0,"comment_status":"open","ping_status":"closed","sticky":false,"template":"","format":"standard","meta":{"footnotes":""},"categories":[182,32],"tags":[85989,25350,25106,21165],"class_list":["post-256874","post","type-post","status-publish","format-standard","hentry","category-calcio","category-sport","tag-calcio","tag-matteo-rossi","tag-molo-8-44","tag-vado-f-c","post_cat_citta-vado-ligure"],"amp_validity":null,"amp_enabled":true,"_links":{"self":[{"href":"https:\/\/staging.ivg.it\/ediapi\/wp\/v2\/posts\/256874","targetHints":{"allow":["GET"]}}],"collection":[{"href":"https:\/\/staging.ivg.it\/ediapi\/wp\/v2\/posts"}],"about":[{"href":"https:\/\/staging.ivg.it\/ediapi\/wp\/v2\/types\/post"}],"author":[{"embeddable":true,"href":"https:\/\/staging.ivg.it\/ediapi\/wp\/v2\/users\/13744"}],"replies":[{"embeddable":true,"href":"https:\/\/staging.ivg.it\/ediapi\/wp\/v2\/comments?post=256874"}],"version-history":[{"count":0,"href":"https:\/\/staging.ivg.it\/ediapi\/wp\/v2\/posts\/256874\/revisions"}],"wp:attachment":[{"href":"https:\/\/staging.ivg.it\/ediapi\/wp\/v2\/media?parent=256874"}],"wp:term":[{"taxonomy":"category","embeddable":true,"href":"https:\/\/staging.ivg.it\/ediapi\/wp\/v2\/categories?post=256874"},{"taxonomy":"post_tag","embeddable":true,"href":"https:\/\/staging.ivg.it\/ediapi\/wp\/v2\/tags?post=256874"}],"curies":[{"name":"wp","href":"https:\/\/api.w.org\/{rel}","templated":true}]}}