{"id":256873,"date":"2014-01-24T10:47:20","date_gmt":"2014-01-24T09:47:20","guid":{"rendered":"http:\/\/www.ivg.it\/?p=256873"},"modified":"2014-01-24T19:56:54","modified_gmt":"2014-01-24T18:56:54","slug":"domenica-arriva-il-carnevale-savona-alle-16-lo-sbarco-di-sua-maesta-cicciolin","status":"publish","type":"post","link":"https:\/\/staging.ivg.it\/2014\/01\/domenica-arriva-il-carnevale-savona-alle-16-lo-sbarco-di-sua-maesta-cicciolin\/","title":{"rendered":"Domenica arriva il Carnevale a Savona, alle 16 lo sbarco di &#8220;sua maest\u00e0&#8221; Cicciolin"},"content":{"rendered":"<p><strong>Savona.<\/strong>\u00a0C&#8217;\u00e8 attesa nel capoluogo per l&#8217;arrivo del Carnevale e di &#8220;sua maest\u00e0&#8221; Cicciolin. La volta buona dovrebbe essere questa domenica alle ore 16: dopo il rinvio di domenica scorsa dovuta all&#8217;ondata di maltempo, la storica maschera savonese sbarcher\u00e0 dal mare alla Torretta e si recher\u00e0 in corteo a Palazzo Civico per ricevere dalle autorit\u00e0 cittadine le chiavi della Citt\u00e0, dando inizio alle manifestazioni di Carnevale.<\/p>\n<p>Il programma dell&#8217;iniziativa, organizzata come sempre dall&#8217;Associazione \u201cA Campanassa\u201d con\u00a0 la collaborazione del CIV Villapiana e il sostegno del Comune di Savona si svolger\u00e0 secondo questo programma: alle 15,30 le maschere partecipanti insieme ai gruppi mascherati provenienti da altre citt\u00e0 italiane si ritroveranno davanti alla Campanassa; si dirigeranno poi insieme verso lo scaletto della Torretta dove alle 16 arriver\u00e0 dal mare Sua Maest\u00e0 Cicciolin con la sua corte<i> <\/i>a bordo della barca a vela \u201cRosetta\u201d comandata da Giuseppe Veirana; da ricordare anche la collaborazione degli amici della Lega Navale Sezione di Savona.<\/p>\n<p>Cicciolin sar\u00e0 accolto dal presidente della Campanassa Carlo Cerva con il Consiglio Grande della \u201cCampanassa\u201d, dalle Maschere ospiti, dai Borghi di Savona, dalla Banda S.Ambrogio di Legino e la cittadinanza. Verso le 16,30 si former\u00e0 il Corteo che si muover\u00e0 verso il Palazzo comunale attraverso via Paleocapa e Corso Italia per giungere in Piazza Sisto IV.<\/p>\n<p>All&#8217;arrivo del corteo a Palazzo Civico, Attorno alle ore 17,00 ci sar\u00e0 la tradizionale cerimonia di consegna delle chiavi della citt\u00e0 e la proclamazione dell&#8217;inizio del Carnevale con l&#8217;investitura ufficiale di sua maest\u00e0 Cicciolin. Alle ore 18 proseguir\u00e0 il giro per il centro cittadino di tutte le maschere, con l&#8217;accoglienza da parte dei commercianti grazie alla collaborazione delle associazioni di categoria Confcommercio e Confesercenti. Per questa edizione \u00e8 stato infatti organizzato un mercatino a cura di FIVA e ANVA che si terr\u00e0 in via Paleocapa (chiusa al traffico per l&#8217;occasione) e in Corso Italia.<\/p>\n<p>Saranno presenti tra gli altri molti gruppi carnevaleschi provenienti dalla Liguria, Piemonte e Lombardia, dai bellissimi costumi storici oltre che dai nomi caratteristici che richiamano\u00a0 storie antiche e leggende riprese con ironia e umorismo popolare.<\/p>\n<p>Cicciolin \u00e8 stato creato nel 1953 dal pittore savonese Romeo Bevilacqua e donato dallo stesso alla Campanassa e in sostanza alla citt\u00e0. Cicciolin \u00e8 iscritto all&#8217;Albo Ufficiale delle Maschere Italiane, \u00e8 dunque una maschera storica insieme a quelle pi\u00f9 celebri della tradizione italiana.<\/p>\n","protected":false},"excerpt":{"rendered":"<p>Savona.\u00a0C&#8217;\u00e8 attesa nel capoluogo per l&#8217;arrivo del Carnevale e di &#8220;sua maest\u00e0&#8221; Cicciolin. La volta buona dovrebbe essere questa domenica alle ore 16: dopo il rinvio di domenica scorsa dovuta all&#8217;ondata di maltempo, la storica maschera savonese sbarcher\u00e0 dal mare alla Torretta e si recher\u00e0 in corteo a Palazzo Civico per ricevere dalle autorit\u00e0 cittadine [&hellip;]<\/p>\n","protected":false},"author":13744,"featured_media":0,"comment_status":"open","ping_status":"closed","sticky":false,"template":"","format":"standard","meta":{"footnotes":""},"categories":[],"tags":[13296,5845,5847,85850],"class_list":["post-256873","post","type-post","status-publish","format-standard","hentry","tag-campanassa","tag-carnevale","tag-cicciolin","tag-savona","post_cat_citta-savona"],"amp_validity":null,"amp_enabled":true,"_links":{"self":[{"href":"https:\/\/staging.ivg.it\/ediapi\/wp\/v2\/posts\/256873","targetHints":{"allow":["GET"]}}],"collection":[{"href":"https:\/\/staging.ivg.it\/ediapi\/wp\/v2\/posts"}],"about":[{"href":"https:\/\/staging.ivg.it\/ediapi\/wp\/v2\/types\/post"}],"author":[{"embeddable":true,"href":"https:\/\/staging.ivg.it\/ediapi\/wp\/v2\/users\/13744"}],"replies":[{"embeddable":true,"href":"https:\/\/staging.ivg.it\/ediapi\/wp\/v2\/comments?post=256873"}],"version-history":[{"count":0,"href":"https:\/\/staging.ivg.it\/ediapi\/wp\/v2\/posts\/256873\/revisions"}],"wp:attachment":[{"href":"https:\/\/staging.ivg.it\/ediapi\/wp\/v2\/media?parent=256873"}],"wp:term":[{"taxonomy":"category","embeddable":true,"href":"https:\/\/staging.ivg.it\/ediapi\/wp\/v2\/categories?post=256873"},{"taxonomy":"post_tag","embeddable":true,"href":"https:\/\/staging.ivg.it\/ediapi\/wp\/v2\/tags?post=256873"}],"curies":[{"name":"wp","href":"https:\/\/api.w.org\/{rel}","templated":true}]}}