{"id":256608,"date":"2014-01-20T11:03:58","date_gmt":"2014-01-20T10:03:58","guid":{"rendered":"http:\/\/www.ivg.it\/?p=256608"},"modified":"2014-01-20T19:53:44","modified_gmt":"2014-01-20T18:53:44","slug":"segreteria-pd-liguria-civica-vada-chi-vuole-innovare-parole","status":"publish","type":"post","link":"https:\/\/staging.ivg.it\/2014\/01\/segreteria-pd-liguria-civica-vada-chi-vuole-innovare-parole\/","title":{"rendered":"Segreteria Pd, Liguria Civica: &#8220;Vada a chi vuole innovare, non solo a parole&#8221;"},"content":{"rendered":"<p><strong>Liguria.<\/strong> &#8220;In una regione tradizionalmente rossa come la Liguria la battaglia per la segreteria regionale influenza tutta la politica e in maniera considerevole il futuro della regione. Ieri il candidato alla segreteria regionale, il cuperliano Giovanni Lunardon ha presentato il suo programma e se non sapessimo da che parte sta in Liguria il candidato renziano, sembrerebbe di essere in presenza di uno strano caso di scambio di programma&#8221;. La critica arriva dal senatore Maurizio Rossi, di Liguria Civica.<\/p>\n<p>&#8220;Fatti e prese di posizione fino ad oggi registrate dai renziani\/burlandiani &#8211; continua il senatore &#8211; testimoniano una volont\u00e0 di proseguire in una linea conservatrice, ingessata nella scelta degli stessi uomini e donne che oggettivamente non hanno brillato per la gestione regionale, peraltro oggi in grave difficolta a causa delle spese pazze sostenute in questi anni&#8221;.<\/p>\n<p>&#8220;Ci appare come una difesa ad oltranza della casta della Regione, che ormai \u00e8 senza appello &#8211; \u00e8 l&#8217;attacco di Rossi &#8211; Quello che a noi invece piace del discorso di Lunardon \u00e8 che ricalca il nostro programma, espresso sin da luglio, su due punti fondamentali: abolizione del listino elettorale e dimezzamento del compenso dei consiglieri e siamo fiduciosi che anche sull&#8217;abolizione dei finanziamenti dei gruppi Lunardon condivida la nostra posizione, al pari di quanto sostenuto da Renzi, Doria, Chiamparino e persino Berlusconi&#8221;.<\/p>\n<p>&#8220;Lunardon sostiene che &#8216;siamo alla fine di un ciclo amministrativo, basta con la politica dei caminetti e delle investiture calate dall&#8217;alto&#8217; &#8211; spiega il senatore &#8211; Concetto assolutamente condivisibile specie da chi, come noi, da sempre non guarda alle appartenenze ideologiche, ma agli impegni concreti che guardino al bene dei cittadini della nostra Regione&#8221;.<\/p>\n<p>&#8220;Non ci interessa chi sta con Renzi, chi con Cuperlo o Civati, come non ci interessa chi sta a destra, sinistra o al centro; vogliamo solo guardare i programmi nell&#8217;interesse della nostra Liguria, ed ora Lunardon ne ha presentato uno chiaro e convincente&#8221;, conclude.<\/p>\n","protected":false},"excerpt":{"rendered":"<p>Liguria. &#8220;In una regione tradizionalmente rossa come la Liguria la battaglia per la segreteria regionale influenza tutta la politica e in maniera considerevole il futuro della regione. Ieri il candidato alla segreteria regionale, il cuperliano Giovanni Lunardon ha presentato il suo programma e se non sapessimo da che parte sta in Liguria il candidato renziano, [&hellip;]<\/p>\n","protected":false},"author":13744,"featured_media":0,"comment_status":"open","ping_status":"closed","sticky":false,"template":"","format":"standard","meta":{"footnotes":""},"categories":[31],"tags":[2586,51414,44127,197],"class_list":["post-256608","post","type-post","status-publish","format-standard","hentry","category-politica","tag-giovanni-lunardon","tag-liguria-civica","tag-maurizio-rossi","tag-pd"],"amp_validity":null,"amp_enabled":true,"_links":{"self":[{"href":"https:\/\/staging.ivg.it\/ediapi\/wp\/v2\/posts\/256608","targetHints":{"allow":["GET"]}}],"collection":[{"href":"https:\/\/staging.ivg.it\/ediapi\/wp\/v2\/posts"}],"about":[{"href":"https:\/\/staging.ivg.it\/ediapi\/wp\/v2\/types\/post"}],"author":[{"embeddable":true,"href":"https:\/\/staging.ivg.it\/ediapi\/wp\/v2\/users\/13744"}],"replies":[{"embeddable":true,"href":"https:\/\/staging.ivg.it\/ediapi\/wp\/v2\/comments?post=256608"}],"version-history":[{"count":0,"href":"https:\/\/staging.ivg.it\/ediapi\/wp\/v2\/posts\/256608\/revisions"}],"wp:attachment":[{"href":"https:\/\/staging.ivg.it\/ediapi\/wp\/v2\/media?parent=256608"}],"wp:term":[{"taxonomy":"category","embeddable":true,"href":"https:\/\/staging.ivg.it\/ediapi\/wp\/v2\/categories?post=256608"},{"taxonomy":"post_tag","embeddable":true,"href":"https:\/\/staging.ivg.it\/ediapi\/wp\/v2\/tags?post=256608"}],"curies":[{"name":"wp","href":"https:\/\/api.w.org\/{rel}","templated":true}]}}