{"id":256552,"date":"2014-01-18T19:38:12","date_gmt":"2014-01-18T18:38:12","guid":{"rendered":"http:\/\/www.ivg.it\/?p=256552"},"modified":"2014-01-20T11:07:11","modified_gmt":"2014-01-20T10:07:11","slug":"viabilita-la-situazione-delle-frane-delle-strade-chiuse","status":"publish","type":"post","link":"https:\/\/staging.ivg.it\/2014\/01\/viabilita-la-situazione-delle-frane-delle-strade-chiuse\/","title":{"rendered":"Viabilit\u00e0, la situazione di frane e strade chiuse. Neve in Valbormida, nuovo sopralluogo ad Andora"},"content":{"rendered":"<p>Si \u00e8 concluso il vertice in Prefettura in merito alla frana che ieri ha fatto deragliare ad Andora l&#8217;Intercity 660. Confermati i tempi lunghi dell&#8217;operazione: prima di poter rimuovere il convoglio, infatti, sar\u00e0 necessario mettere in sicurezza la parete franata e la casa soprastante, operazione che non potr\u00e0 iniziare fino al termine dell&#8217;ondata di maltempo. Domani mattina, alle 11.30, \u00e8 previsto il sopralluogo degli assessori regionali Enrico Vesco e Raffaella Paita.<\/p>\n<p>Per quanto riguarda la viabilit\u00e0, la situazione non \u00e8 molto mutata nel corso della giornata. Ancora chiusa l&#8217;Aurelia in due punti, a Capo Mele tra Laigueglia e Andora e a Capo Santo Spirito tra Borghetto e Ceriale (dove si ipotizza di riaprire a senso unico alternato luned\u00ec). Aperta a senso unico alternato l&#8217;Aurelia tra Albenga e Alassio, a Punta Murena, dove per\u00f2 in queste ore si \u00e8 verificato un peggioramento della situazione che fa temere una nuova chiusura.<\/p>\n<p>Ancora chiusa la strada provinciale 6 a Casanova Lerrone, ma la riapertura della Casanova-Villanova garantisce i collegamenti. Buone notizie sulla Alassio-Testico, dove la situazione non \u00e8 grave come si temeva: al termine delle piogge sar\u00e0 possibile ripristinarla in poco tempo. Risolta invece la situazione ad Ortovero.<\/p>\n<p>Ora l&#8217;attenzione \u00e8 puntata sul levante savonese e sulla Valbormida, dove in queste ore ha iniziato a nevicare, senza per\u00f2 che al momento si registrino disagi. Qualche problema invece sulla costa: chiusa in queste ore la superstrada tra Vado Ligure e Bergeggi, allagata in alcuni tratti. I Vigili del Fuoco stanno operando per permetterne la riapertura in tempi brevi.<\/p>\n","protected":false},"excerpt":{"rendered":"<p>Si \u00e8 concluso il vertice in Prefettura in merito alla frana che ieri ha fatto deragliare ad Andora l&#8217;Intercity 660. Confermati i tempi lunghi dell&#8217;operazione: prima di poter rimuovere il convoglio, infatti, sar\u00e0 necessario mettere in sicurezza la parete franata e la casa soprastante, operazione che non potr\u00e0 iniziare fino al termine dell&#8217;ondata di maltempo. [&hellip;]<\/p>\n","protected":false},"author":10593,"featured_media":0,"comment_status":"open","ping_status":"closed","sticky":false,"template":"","format":"standard","meta":{"footnotes":""},"categories":[34],"tags":[907,651,22411,618],"class_list":["post-256552","post","type-post","status-publish","format-standard","hentry","category-cronaca","tag-enrico-vesco","tag-maltempo","tag-raffaella-paita","tag-vigili-del-fuoco"],"amp_validity":null,"amp_enabled":true,"_links":{"self":[{"href":"https:\/\/staging.ivg.it\/ediapi\/wp\/v2\/posts\/256552","targetHints":{"allow":["GET"]}}],"collection":[{"href":"https:\/\/staging.ivg.it\/ediapi\/wp\/v2\/posts"}],"about":[{"href":"https:\/\/staging.ivg.it\/ediapi\/wp\/v2\/types\/post"}],"author":[{"embeddable":true,"href":"https:\/\/staging.ivg.it\/ediapi\/wp\/v2\/users\/10593"}],"replies":[{"embeddable":true,"href":"https:\/\/staging.ivg.it\/ediapi\/wp\/v2\/comments?post=256552"}],"version-history":[{"count":0,"href":"https:\/\/staging.ivg.it\/ediapi\/wp\/v2\/posts\/256552\/revisions"}],"wp:attachment":[{"href":"https:\/\/staging.ivg.it\/ediapi\/wp\/v2\/media?parent=256552"}],"wp:term":[{"taxonomy":"category","embeddable":true,"href":"https:\/\/staging.ivg.it\/ediapi\/wp\/v2\/categories?post=256552"},{"taxonomy":"post_tag","embeddable":true,"href":"https:\/\/staging.ivg.it\/ediapi\/wp\/v2\/tags?post=256552"}],"curies":[{"name":"wp","href":"https:\/\/api.w.org\/{rel}","templated":true}]}}