{"id":256536,"date":"2014-01-18T14:55:05","date_gmt":"2014-01-18T13:55:05","guid":{"rendered":"http:\/\/www.ivg.it\/?p=256536"},"modified":"2014-01-19T16:10:14","modified_gmt":"2014-01-19T15:10:14","slug":"frana-borghetto-capo-santo-spirito-potrebbe-riaprire-lunedi-il-sindaco-massima-presenza-dellamministrazione","status":"publish","type":"post","link":"https:\/\/staging.ivg.it\/2014\/01\/frana-borghetto-capo-santo-spirito-potrebbe-riaprire-lunedi-il-sindaco-massima-presenza-dellamministrazione\/","title":{"rendered":"Frana Borghetto, l&#8217;Aurelia potrebbe riaprire luned\u00ec. Il sindaco: &#8220;Massima presenza dell&#8217;amministrazione&#8221;"},"content":{"rendered":"<p><strong>Borghetto Santo Spirito.<\/strong>\u00a0L&#8217;obiettivo dichiarato \u00e8 riaprire l&#8217;Aurelia luned\u00ec, a senso unico alternato. Questa la speranza a Borghetto dopo il nuovo sopralluogo di questa mattina del sindaco, insieme ai tecnici dell&#8217;Anas e ai rocciatori, a Capo Santo Spirito, dove una frana ostruisce da ieri l&#8217;Aurelia.<\/p>\n<p>&#8220;L&#8217;amministrazione comunale \u00e8 stata da subito attiva e presente &#8211; spiega il primo cittadini Govanni Gandolfo &#8211; ci siamo attivati immediatamente sia sul fronte della messa in sicurezza della parete rocciosa, sia su quello dello viabilit\u00e0, con grande sforzo da parte della Polizia Municipale. Tutti stanno facendo la loro parte senza risparmiarsi, e continuer\u00e0 cos\u00ec per tutto il weekend: cercheremo in ogni modo di riaprire l&#8217;Aurelia luned\u00ec, a senso unico alternato&#8221;.<\/p>\n<p>La certezza ovviamente non c&#8217;\u00e8, tutto dipender\u00e0 dal meteo. &#8220;Se la pioggia ci dar\u00e0 tregua, permettendo ai rocciatori di lavorare per tutto il weekend &#8211; dice Gandolfo &#8211; siamo convinti di potercela fare. Ovviamente se il tempo dovesse di nuovo peggiorare saremo costretti a sospendere i lavori. Ma non ci fermeremo a meno che non sia strettamente necessario, almeno il senso unico alternato va garantito il prima possibile&#8221;.<\/p>\n<p>Una soluzione che non eliminerebbe del tutto i disagi (con l&#8217;ovvia formazione di code per via dei semafori) ma che sarebbe comunque fondamentale per dare ossigeno alla viabilit\u00e0 nel ponente savonese, stravolta dal maltempo di ieri. Un senso unico alternato \u00e8\u00a0gi\u00e0 in atto a Punta Murena, tra Albenga e Alassio, mentre \u00e8 ancora chiuso il tratto di Capo Mele, tra Laigueglia e Andora.<\/p>\n","protected":false},"excerpt":{"rendered":"<p>Borghetto Santo Spirito.\u00a0L&#8217;obiettivo dichiarato \u00e8 riaprire l&#8217;Aurelia luned\u00ec, a senso unico alternato. Questa la speranza a Borghetto dopo il nuovo sopralluogo di questa mattina del sindaco, insieme ai tecnici dell&#8217;Anas e ai rocciatori, a Capo Santo Spirito, dove una frana ostruisce da ieri l&#8217;Aurelia. &#8220;L&#8217;amministrazione comunale \u00e8 stata da subito attiva e presente &#8211; spiega [&hellip;]<\/p>\n","protected":false},"author":13744,"featured_media":0,"comment_status":"open","ping_status":"closed","sticky":false,"template":"","format":"standard","meta":{"footnotes":""},"categories":[34],"tags":[161,3846,39484],"class_list":["post-256536","post","type-post","status-publish","format-standard","hentry","category-cronaca","tag-borghetto","tag-capo-santo-spirito","tag-giovanni-gandolfo","post_cat_citta-borghetto-santo-spirito"],"amp_validity":null,"amp_enabled":true,"_links":{"self":[{"href":"https:\/\/staging.ivg.it\/ediapi\/wp\/v2\/posts\/256536","targetHints":{"allow":["GET"]}}],"collection":[{"href":"https:\/\/staging.ivg.it\/ediapi\/wp\/v2\/posts"}],"about":[{"href":"https:\/\/staging.ivg.it\/ediapi\/wp\/v2\/types\/post"}],"author":[{"embeddable":true,"href":"https:\/\/staging.ivg.it\/ediapi\/wp\/v2\/users\/13744"}],"replies":[{"embeddable":true,"href":"https:\/\/staging.ivg.it\/ediapi\/wp\/v2\/comments?post=256536"}],"version-history":[{"count":0,"href":"https:\/\/staging.ivg.it\/ediapi\/wp\/v2\/posts\/256536\/revisions"}],"wp:attachment":[{"href":"https:\/\/staging.ivg.it\/ediapi\/wp\/v2\/media?parent=256536"}],"wp:term":[{"taxonomy":"category","embeddable":true,"href":"https:\/\/staging.ivg.it\/ediapi\/wp\/v2\/categories?post=256536"},{"taxonomy":"post_tag","embeddable":true,"href":"https:\/\/staging.ivg.it\/ediapi\/wp\/v2\/tags?post=256536"}],"curies":[{"name":"wp","href":"https:\/\/api.w.org\/{rel}","templated":true}]}}