{"id":256386,"date":"2014-01-16T10:24:27","date_gmt":"2014-01-16T09:24:27","guid":{"rendered":"http:\/\/www.ivg.it\/?p=256386"},"modified":"2014-01-16T19:30:46","modified_gmt":"2014-01-16T18:30:46","slug":"fruttital-emigra-veneto-lazienda-albenga-troppo-decentrata-positiva-la-riconversione-dei-magazzini-ingauni","status":"publish","type":"post","link":"https:\/\/staging.ivg.it\/2014\/01\/fruttital-emigra-veneto-lazienda-albenga-troppo-decentrata-positiva-la-riconversione-dei-magazzini-ingauni\/","title":{"rendered":"Fruttital emigra in Veneto, l&#8217;azienda: &#8220;Albenga troppo decentrata, positiva la riconversione dei magazzini ingauni&#8221;"},"content":{"rendered":"<p><strong>Albenga.<\/strong> Il trasferimento da Albenga a Verona di tutta la parte produttiva Fruttital (azienda del gruppo Orsero) avverr\u00e0 in tempi rapidi. A farlo sapere \u00e8 il management dell&#8217;azienda, che tiene comunque a ricordare che il cuore amministrativo rester\u00e0 in terra ingauna.<\/p>\n<p>La Piana sarebbe una zona troppo decentrata per la logistica e per il settore in cui opera quasta realt\u00e0 (ossia quello ortofrutticolo); di qui la decisione di emigrare in Veneto. A Verona, infatti, vi \u00e8 gi\u00e0 una sede storica di Fruttital, attiva dagli anni &#8217;70 come centro di lavorazione degli agrumi, e che ora diventer\u00e0 il polo &#8220;operoso&#8221; dell&#8217;azienda. <\/p>\n<p>&#8220;Una citt\u00e0 &#8211; fanno sapere dalla direzione aziendale &#8211; che si trova lungo una direttrice strategica verso il Nord europeo ed \u00e8 vicina a porti importanti. Il trasferimento \u00e8 gi\u00e0 in essere, poich\u00e9 una deviazione dei traffici in terra ingauna non \u00e8 gi\u00e0 pi\u00f9 conveniente&#8221;.<\/p>\n<p>&#8220;Siamo ottimisti circa il progetto di riqualificazione dei magazzini di Albenga in cui potranno trovare lavoro un centinaio di persone, tra cui i nostri dipendenti. E&#8217; un piano ambizioso ma \u00e8 gi\u00e0 in una fase molto interessante &#8211; dicono ancora i vertici aziendali &#8211; Per altre tipologie di merci, Albenga resta certamente un centro importante, ma per il nostro mercato erano necessarie scelte diverse e che dessero pi\u00f9 opportunit\u00e0. E cos\u00ec abbiamo fatto&#8221;.<\/p>\n<p>L&#8217;arrivo di un centro commerciale con una dozzina di negozi \u00e8 stato accolto ieri dai lavoratori con un pacato ottimismo. A comunicare loro il piano industriale \u00e8 stato Luca Marcesini della Rsu Fruttital. La speranza, per i 59 in esubero, \u00e8 di essere ricollocati qui, almeno in parte. &#8220;Il trasferimento a Verona non \u00e8 certo visto con positivit\u00e0, ma la possibilit\u00e0, anche per chi non \u00e8 pi\u00f9 giovanissimo, di poter avere una chance all&#8217;interno del nuovo progetto, \u00e8 visto da molti come uno spiraglio in un momento in cui trovare lavoro, soprattutto per chi ha una certa et\u00e0 e una certa esperienza, \u00e8 una missione quasi impossibile&#8221; dice Marcesini. <\/p>\n<p>Ora si dovr\u00e0 agire affinch\u00e9 venga assicurata ai lavoratori la cassa integrazione di almeno un anno per arrivare fino alla data di apertura del nuovo centro commerciale, e premere sul Ministero affinch\u00e9 venga riportata nero su bianco la decisione di ricollocare qui una parte dei &#8220;59&#8221;. <\/p>\n","protected":false},"excerpt":{"rendered":"<p>Albenga. Il trasferimento da Albenga a Verona di tutta la parte produttiva Fruttital (azienda del gruppo Orsero) avverr\u00e0 in tempi rapidi. A farlo sapere \u00e8 il management dell&#8217;azienda, che tiene comunque a ricordare che il cuore amministrativo rester\u00e0 in terra ingauna. La Piana sarebbe una zona troppo decentrata per la logistica e per il settore [&hellip;]<\/p>\n","protected":false},"author":2620,"featured_media":0,"comment_status":"open","ping_status":"closed","sticky":false,"template":"","format":"standard","meta":{"footnotes":""},"categories":[35],"tags":[85841,26724,349],"class_list":["post-256386","post","type-post","status-publish","format-standard","hentry","category-economia","tag-albenga","tag-fruttital","tag-orsero","post_cat_citta-albenga"],"amp_validity":null,"amp_enabled":true,"_links":{"self":[{"href":"https:\/\/staging.ivg.it\/ediapi\/wp\/v2\/posts\/256386","targetHints":{"allow":["GET"]}}],"collection":[{"href":"https:\/\/staging.ivg.it\/ediapi\/wp\/v2\/posts"}],"about":[{"href":"https:\/\/staging.ivg.it\/ediapi\/wp\/v2\/types\/post"}],"author":[{"embeddable":true,"href":"https:\/\/staging.ivg.it\/ediapi\/wp\/v2\/users\/2620"}],"replies":[{"embeddable":true,"href":"https:\/\/staging.ivg.it\/ediapi\/wp\/v2\/comments?post=256386"}],"version-history":[{"count":0,"href":"https:\/\/staging.ivg.it\/ediapi\/wp\/v2\/posts\/256386\/revisions"}],"wp:attachment":[{"href":"https:\/\/staging.ivg.it\/ediapi\/wp\/v2\/media?parent=256386"}],"wp:term":[{"taxonomy":"category","embeddable":true,"href":"https:\/\/staging.ivg.it\/ediapi\/wp\/v2\/categories?post=256386"},{"taxonomy":"post_tag","embeddable":true,"href":"https:\/\/staging.ivg.it\/ediapi\/wp\/v2\/tags?post=256386"}],"curies":[{"name":"wp","href":"https:\/\/api.w.org\/{rel}","templated":true}]}}