{"id":256329,"date":"2014-01-15T12:25:02","date_gmt":"2014-01-15T11:25:02","guid":{"rendered":"http:\/\/www.ivg.it\/?p=256329"},"modified":"2020-07-16T12:23:08","modified_gmt":"2020-07-16T10:23:08","slug":"il-golden-globe-sorrentino-parla-anche-cairese-nel-cast-la-valbormidese-giorgia-ferrero-che-emozione-lavorare","status":"publish","type":"post","link":"https:\/\/staging.ivg.it\/2014\/01\/il-golden-globe-sorrentino-parla-anche-cairese-nel-cast-la-valbormidese-giorgia-ferrero-che-emozione-lavorare\/","title":{"rendered":"Il Golden Globe di Sorrentino parla anche cairese, nel cast la valbormidese Giorgia Ferrero: &#8220;Che emozione lavorare con lui&#8221;"},"content":{"rendered":"<p><strong>Cairo M.<\/strong> Il Golden Globe conquistato dal film &#8220;La Grande Bellezza&#8221; di Paolo Sorrentino parla anche savonese, per la precisione cairese. E lo fa grazie a Giorgia Ferrero, professione attrice, cresciuta nel Comune della Valbormida, che ha fatto parte del cast della pellicola premiata qualche giorno fa a Los Angeles.<\/p>\n<p>Giorgia, nata il 16 giugno del 1977 a Savona, prima di trasferirsi per inseguire il suo sogno di diventare attrice ha vissuto a Cairo: &#8220;Anche se da dodici anni ormai vivo a Roma &#8211; confida l&#8217;artista raggiunta telefonicamente da Ivg.it &#8211; non dimentico le mie origini. Quando posso torno a Cairo come ho fatto questo Natale e il legame con la Valbormida resta forte. Quindi &#8211; scherza la Ferrero &#8211; possiamo dire che questo premio \u00e8 un po&#8217; anche valbormidese&#8221;.<\/p>\n<p>Quando le si chiede di raccontare della sua esperienza lavorativa con Sorrentino l&#8217;attrice cairese non nasconde la sua emozione: &#8220;Mi ricordo benissimo dei provini che feci con lui: mi chiam\u00f2 nell&#8217;agosto del 2012 e lo incontrai tre volte. Era un ruolo non da protagonista, ma io ci credevo: l&#8217;idea di lavorare con lui era un sogno e quando mi chiam\u00f2 per dirmi che mi aveva scelta si \u00e8 coronato. Lo ammiravo da sempre e poter essere sul set con lui \u00e8 stato il massimo&#8221;.<\/p>\n<p>Ne &#8220;La grande bellezza&#8221; Giorgia Ferrero interpreta il ruolo di &#8220;ammiratrice Jet&#8221;, una ballerina che vuole diventare attrice e si innamora di Jep Gambardella, il protagonista della pellicola interpretato da Toni Servillo: &#8220;Nel film faccio parte di un gruppo di donne che ammirano il protagonista. Interpreto una ballerina che organizza feste e che poi perde la testa per Jep&#8221;.<\/p>\n<p>&#8220;Sul set si respirava una grande energia, abbiamo girato sempre di notte, a Roma, c&#8217;era un&#8217;atmosfera incredibile. Molte scene sono state ambientate su due terrazze meravigliose, una che dava sul Colosseo e l&#8217;altra in via Veneto: una grande emozione&#8221; racconta Giorgia Ferrero che sul regista Sorrentino dice: &#8220;Paolo mette l&#8217;attore a proprio agio e lo lascia molto libero. Durante le riprese tutto funzionava alla perfezione e per me \u00e8 stata un&#8217;esperienza indimenticabile. Alla fine siamo stati tutti tagliati parecchio in fase di montaggio, ma altrimenti il film sarebbe durato un&#8217;ora e mezza in pi\u00f9&#8221;.<\/p>\n<p>&#8220;Anche lavorare con Toni Servillo, che \u00e8 un grandissimo attore, \u00e8 stata un&#8217;emozione e ne sono onorata. Ho imparato tanto sul set di questo film e spero di poter collaborare ancora con Sorrentino&#8221; confida l&#8217;attrice. Giorgia Ferrero, nella sua carriera, oltre che sul grande schermo, ha lavorato molto in teatro. Il suo prossimo impegno sar\u00e0 proprio teatrale: &#8220;Debutto domenica con uno spettacolo al teatro delle Alpi di Porto Sant&#8217;Elpidio nelle Marche. Si chiama &#8216;Labirinti del male&#8217; ed \u00e8 incentrato sul tema del femminicidio&#8221;.<\/p>\n<p>&#8220;Ho un duplice ruolo: interpreto sia l&#8217;uomo, il carnefice, che la donna uccisa. Lei, uccisa dal suo compagno, racconter\u00e0 il suo viaggio con lui: \u00e8 uno spettacolo forte ed impegnativo. Credo anche originale visto che non daremo voce solo alla vittima, ma anche all&#8217;uomo del quale cercheremo di raccontare il punto di vista&#8221; spiega l&#8217;attrice valbormidese che conclude: &#8220;Sul palco con me salir\u00e0 anche il generale Luciano Garofano, mentre la regia \u00e8 di Alessandro Molinari e il testo di Giulietta Kelly. Sar\u00e0 uno spettacolo ricco anche di video e musica che \u00e8 curata dalla cantante italo americana Laura Trent&#8221;. Chiss\u00e0 che il momento d&#8217;oro di Giorgia Ferrero non possa arricchirsi con la soddisfazione di un nuovo riconoscimento per &#8220;La Grande Bellezza&#8221;. Domani saranno rese note le nomination per gli Oscar, sognare non costa nulla.<\/p>\n","protected":false},"excerpt":{"rendered":"<p>Cairo M. Il Golden Globe conquistato dal film &#8220;La Grande Bellezza&#8221; di Paolo Sorrentino parla anche savonese, per la precisione cairese. E lo fa grazie a Giorgia Ferrero, professione attrice, cresciuta nel Comune della Valbormida, che ha fatto parte del cast della pellicola premiata qualche giorno fa a Los Angeles. Giorgia, nata il 16 giugno [&hellip;]<\/p>\n","protected":false},"author":2394,"featured_media":0,"comment_status":"open","ping_status":"closed","sticky":false,"template":"","format":"standard","meta":{"footnotes":""},"categories":[56],"tags":[151],"class_list":["post-256329","post","type-post","status-publish","format-standard","hentry","category-altre","tag-cairo","post_cat_citta-cairo-montenotte"],"amp_validity":null,"amp_enabled":true,"_links":{"self":[{"href":"https:\/\/staging.ivg.it\/ediapi\/wp\/v2\/posts\/256329","targetHints":{"allow":["GET"]}}],"collection":[{"href":"https:\/\/staging.ivg.it\/ediapi\/wp\/v2\/posts"}],"about":[{"href":"https:\/\/staging.ivg.it\/ediapi\/wp\/v2\/types\/post"}],"author":[{"embeddable":true,"href":"https:\/\/staging.ivg.it\/ediapi\/wp\/v2\/users\/2394"}],"replies":[{"embeddable":true,"href":"https:\/\/staging.ivg.it\/ediapi\/wp\/v2\/comments?post=256329"}],"version-history":[{"count":0,"href":"https:\/\/staging.ivg.it\/ediapi\/wp\/v2\/posts\/256329\/revisions"}],"wp:attachment":[{"href":"https:\/\/staging.ivg.it\/ediapi\/wp\/v2\/media?parent=256329"}],"wp:term":[{"taxonomy":"category","embeddable":true,"href":"https:\/\/staging.ivg.it\/ediapi\/wp\/v2\/categories?post=256329"},{"taxonomy":"post_tag","embeddable":true,"href":"https:\/\/staging.ivg.it\/ediapi\/wp\/v2\/tags?post=256329"}],"curies":[{"name":"wp","href":"https:\/\/api.w.org\/{rel}","templated":true}]}}