{"id":256224,"date":"2014-01-13T18:20:14","date_gmt":"2014-01-13T17:20:14","guid":{"rendered":"http:\/\/www.ivg.it\/?p=256224"},"modified":"2014-01-13T18:20:14","modified_gmt":"2014-01-13T17:20:14","slug":"vela-campionato-invernale-del-ponente-tanto-sole-niente-vento","status":"publish","type":"post","link":"https:\/\/staging.ivg.it\/2014\/01\/vela-campionato-invernale-del-ponente-tanto-sole-niente-vento\/","title":{"rendered":"Vela, Campionato Invernale del Ponente: tanto sole, niente vento"},"content":{"rendered":"<p><strong>Varazze<\/strong>. Dopo la sosta festiva era tutto pronto per riprendere le ostilit\u00e0 in mare tra i 55 equipaggi iscritti al Campionato Invernale del Ponente, presso la Marina di Varazze.<\/p>\n<p>Per\u00f2, la giornata non \u00e8 stata assolutamente &#8220;invernale&#8221;, con tanto sole e temperatura primaverile, ma soprattutto con assenza di vento nonostante le previsioni dessero un po&#8217; di tramontana.<\/p>\n<p>Il comitato di regata ha atteso fino alle ore 13, ma la situazione non cambiava e quindi ha mandato tutti in porto.<\/p>\n<p>Appuntamento alle due prossime giornate, sabato 25 e domenica 26 gennaio, sperando in condizioni meteo migliori.<\/p>\n","protected":false},"excerpt":{"rendered":"<p>Varazze. Dopo la sosta festiva era tutto pronto per riprendere le ostilit\u00e0 in mare tra i 55 equipaggi iscritti al Campionato Invernale del Ponente, presso la Marina di Varazze. Per\u00f2, la giornata non \u00e8 stata assolutamente &#8220;invernale&#8221;, con tanto sole e temperatura primaverile, ma soprattutto con assenza di vento nonostante le previsioni dessero un po&#8217; [&hellip;]<\/p>\n","protected":false},"author":13744,"featured_media":0,"comment_status":"open","ping_status":"closed","sticky":false,"template":"","format":"standard","meta":{"footnotes":""},"categories":[42377,32],"tags":[10876,85868,429],"class_list":["post-256224","post","type-post","status-publish","format-standard","hentry","category-altri-sport","category-sport","tag-campionato-invernale-del-ponente","tag-varazze","tag-vela","post_cat_citta-varazze"],"amp_validity":null,"amp_enabled":true,"_links":{"self":[{"href":"https:\/\/staging.ivg.it\/ediapi\/wp\/v2\/posts\/256224","targetHints":{"allow":["GET"]}}],"collection":[{"href":"https:\/\/staging.ivg.it\/ediapi\/wp\/v2\/posts"}],"about":[{"href":"https:\/\/staging.ivg.it\/ediapi\/wp\/v2\/types\/post"}],"author":[{"embeddable":true,"href":"https:\/\/staging.ivg.it\/ediapi\/wp\/v2\/users\/13744"}],"replies":[{"embeddable":true,"href":"https:\/\/staging.ivg.it\/ediapi\/wp\/v2\/comments?post=256224"}],"version-history":[{"count":0,"href":"https:\/\/staging.ivg.it\/ediapi\/wp\/v2\/posts\/256224\/revisions"}],"wp:attachment":[{"href":"https:\/\/staging.ivg.it\/ediapi\/wp\/v2\/media?parent=256224"}],"wp:term":[{"taxonomy":"category","embeddable":true,"href":"https:\/\/staging.ivg.it\/ediapi\/wp\/v2\/categories?post=256224"},{"taxonomy":"post_tag","embeddable":true,"href":"https:\/\/staging.ivg.it\/ediapi\/wp\/v2\/tags?post=256224"}],"curies":[{"name":"wp","href":"https:\/\/api.w.org\/{rel}","templated":true}]}}