{"id":256209,"date":"2014-01-13T15:32:56","date_gmt":"2014-01-13T14:32:56","guid":{"rendered":"http:\/\/www.ivg.it\/?p=256209"},"modified":"2014-01-13T15:32:56","modified_gmt":"2014-01-13T14:32:56","slug":"basket-gli-aquilotti-vadesi-primeggiano-al-torneo-della-befana-cogoleto","status":"publish","type":"post","link":"https:\/\/staging.ivg.it\/2014\/01\/basket-gli-aquilotti-vadesi-primeggiano-al-torneo-della-befana-cogoleto\/","title":{"rendered":"Basket: gli Aquilotti vadesi primeggiano al &#8220;Torneo della Befana&#8221; di Cogoleto"},"content":{"rendered":"<p><strong>Vado Ligure<\/strong>. Luned\u00ec 6 gennaio una squadra Aquilotti della Pallacanestro Vado &#8211; Amatori Pallacanestro Savona ha partecipato al 1\u00b0 &#8220;Torneo della Befana&#8221;, organizzato dal Cffs Cogoleto Basket.<\/p>\n<p>Per i biancorossi, accompagnati dagli istruttori Amadori Gabriele, Saltarelli Marco e Span\u00f2 Silvia, sono scesi in campo Tridondani Daniele, Dell&#8217;Innocenti Davide, Genta Matteo, Astegiano Mario, Berruti Marco, Ghini Simone, Cazzeddu Giulio, Ranno Simone, Astesiano Michele, Crea Ferdinando, Pellegrini Sebastiano, Rossi Edoardo, Dalmazzo Davide, Mattia Merello.<\/p>\n<p>Inizialmente era previsto un quadrangolare che si \u00e8 trasformato in un triangolare poich\u00e8 una delle squadre invitate non si \u00e8 presentata. I giovani vadesi hanno giocato il primo incontro contro i pari et\u00e0 del CAP Genova e successivamente contro i ragazzi del Cogoleto. I papagallini hanno vinto entrambe le gare, piazzandosi al primo posto del torneo.<\/p>\n<p>&#8220;Al di l\u00e0 del risultato &#8211; dichiarano i dirigenti del Vado -, che ovviamente fa piacere a tutti, c&#8217;\u00e8 da sottolineare il fatto che tutti gli atleti, che sono &#8216;ancora piccoli&#8217; e con poca esperienza, siano entrati in campo con una buona dose di grinta e come il gruppo si stia piano piano affiatando e di conseguenza si cerchino sempre di pi\u00f9 compagni e si prediliga il gioco di squadra piuttosto che conclusioni personali. Bravi ragazzi&#8230; ma continuate a lavorare sodo in palestra!&#8221;.<\/p>\n","protected":false},"excerpt":{"rendered":"<p>Vado Ligure. Luned\u00ec 6 gennaio una squadra Aquilotti della Pallacanestro Vado &#8211; Amatori Pallacanestro Savona ha partecipato al 1\u00b0 &#8220;Torneo della Befana&#8221;, organizzato dal Cffs Cogoleto Basket. Per i biancorossi, accompagnati dagli istruttori Amadori Gabriele, Saltarelli Marco e Span\u00f2 Silvia, sono scesi in campo Tridondani Daniele, Dell&#8217;Innocenti Davide, Genta Matteo, Astegiano Mario, Berruti Marco, Ghini [&hellip;]<\/p>\n","protected":false},"author":18,"featured_media":0,"comment_status":"open","ping_status":"closed","sticky":false,"template":"","format":"standard","meta":{"footnotes":""},"categories":[47715,32],"tags":[3963,10085,905,36038,34937,16711],"class_list":["post-256209","post","type-post","status-publish","format-standard","hentry","category-basket-sport","category-sport","tag-amatori-pallacanestro-savona","tag-aquilotti","tag-basket","tag-cffs-cogoleto","tag-pallacanestro-vado","tag-torneo-della-befana","post_cat_citta-savona","post_cat_citta-vado-ligure"],"amp_validity":null,"amp_enabled":true,"_links":{"self":[{"href":"https:\/\/staging.ivg.it\/ediapi\/wp\/v2\/posts\/256209","targetHints":{"allow":["GET"]}}],"collection":[{"href":"https:\/\/staging.ivg.it\/ediapi\/wp\/v2\/posts"}],"about":[{"href":"https:\/\/staging.ivg.it\/ediapi\/wp\/v2\/types\/post"}],"author":[{"embeddable":true,"href":"https:\/\/staging.ivg.it\/ediapi\/wp\/v2\/users\/18"}],"replies":[{"embeddable":true,"href":"https:\/\/staging.ivg.it\/ediapi\/wp\/v2\/comments?post=256209"}],"version-history":[{"count":0,"href":"https:\/\/staging.ivg.it\/ediapi\/wp\/v2\/posts\/256209\/revisions"}],"wp:attachment":[{"href":"https:\/\/staging.ivg.it\/ediapi\/wp\/v2\/media?parent=256209"}],"wp:term":[{"taxonomy":"category","embeddable":true,"href":"https:\/\/staging.ivg.it\/ediapi\/wp\/v2\/categories?post=256209"},{"taxonomy":"post_tag","embeddable":true,"href":"https:\/\/staging.ivg.it\/ediapi\/wp\/v2\/tags?post=256209"}],"curies":[{"name":"wp","href":"https:\/\/api.w.org\/{rel}","templated":true}]}}