{"id":256154,"date":"2014-01-12T15:45:58","date_gmt":"2014-01-12T14:45:58","guid":{"rendered":"http:\/\/www.ivg.it\/?p=256154"},"modified":"2014-01-12T20:49:53","modified_gmt":"2014-01-12T19:49:53","slug":"astrofili-savonesi-mostra-stellare-noli-inaugurazione-dellosservatorio-al-campus-universitario","status":"publish","type":"post","link":"https:\/\/staging.ivg.it\/2014\/01\/astrofili-savonesi-mostra-stellare-noli-inaugurazione-dellosservatorio-al-campus-universitario\/","title":{"rendered":"Astrofili savonesi: mostra &#8220;stellare&#8221; a Noli e inaugurazione dell&#8217;osservatorio al campus universitario"},"content":{"rendered":"<p><strong>Noli.<\/strong> Il cielo \u00e8 di tutti, ma non tutti lo sanno interpretare o sono interessati ad alzare la testa per ammirarne lo splendore. Ad aiutare i pi\u00f9 curiosi a conoscere cosa c&#8217;\u00e8 lass\u00f9, ci sono gli astrofili savonesi che, da circa 50 anni, sono attivi sul territorio provinciale per divulgare la scienza dell&#8217;astronomia. In questi giorni, con una mostra a Noli e, a partire dal prossimo 18 gennaio, con l&#8217;inaugurazione di un osservatorio fisso presso il Campus universitario della citt\u00e0 della Torretta.<\/p>\n<p>&#8220;Per questa mostra ringraziamo la Fondazione Sant&#8217;Antonio di Noli che ci ha messo a disposizione questi splendidi locali e ci ha dato  l&#8217;occasione per farci conoscere dal pubblico &#8211; dice Roberto Bracco, vice presidente del Gruppo Astrofili Savonesi &#8211; Questa \u00e8 una mostra di &#8216;divulgazione astronomica&#8217;, in cui raduniamo una scelta di immagini delle milioni possibili di carattere astronomico in due sale. In una si possono ammirare immagini ottenute dai membri del nostro gruppo, nell&#8217;altra vi sono esposte le splendide immagini di missioni spaziali della Nasa e del telescopio spaziale Hubble&#8221;. <\/p>\n<p>&#8220;Il gruppo astrofili savonesi \u00e8 impegnato da 50 anni in un&#8217;attivit\u00e0 di ricerca e comunicazione dell&#8217;astronomia &#8211; continua Bracco &#8211; Il prossimo 18 gennaio presso il campus universitario di Savona sar\u00e0 inaugurato il nostro osservatorio che diventer\u00e0 una stazione astronomica a disposizione della ricerca e della divulgazione. La scienza dell&#8217;astronomia \u00e8 molto particolare perch\u00e9 il laboratorio in cui si svolge \u00e8 disponibile a tutti: se io guardio Andromeda con il mio piccolo telescopio osservo la stessa Andromeda che guarda l&#8217;astronomo che sta conducendo gli studi pi\u00f9 avanzati. Questo per dire che il cielo \u00e8 davvero di tutti. Quindi noi invitiamo tutti a seguire le nostre attivit\u00e0 collegandosi al sito astrofilisavonesi.it o sulla nostra bacheca che si trova a met\u00e0 di Via Paleocapa&#8221;. <\/p>\n","protected":false},"excerpt":{"rendered":"<p>Noli. Il cielo \u00e8 di tutti, ma non tutti lo sanno interpretare o sono interessati ad alzare la testa per ammirarne lo splendore. Ad aiutare i pi\u00f9 curiosi a conoscere cosa c&#8217;\u00e8 lass\u00f9, ci sono gli astrofili savonesi che, da circa 50 anni, sono attivi sul territorio provinciale per divulgare la scienza dell&#8217;astronomia. In questi [&hellip;]<\/p>\n","protected":false},"author":13744,"featured_media":0,"comment_status":"open","ping_status":"closed","sticky":false,"template":"","format":"standard","meta":{"footnotes":""},"categories":[],"tags":[1223,85850],"class_list":["post-256154","post","type-post","status-publish","format-standard","hentry","tag-astrofili","tag-savona","post_cat_citta-savona"],"amp_validity":null,"amp_enabled":true,"_links":{"self":[{"href":"https:\/\/staging.ivg.it\/ediapi\/wp\/v2\/posts\/256154","targetHints":{"allow":["GET"]}}],"collection":[{"href":"https:\/\/staging.ivg.it\/ediapi\/wp\/v2\/posts"}],"about":[{"href":"https:\/\/staging.ivg.it\/ediapi\/wp\/v2\/types\/post"}],"author":[{"embeddable":true,"href":"https:\/\/staging.ivg.it\/ediapi\/wp\/v2\/users\/13744"}],"replies":[{"embeddable":true,"href":"https:\/\/staging.ivg.it\/ediapi\/wp\/v2\/comments?post=256154"}],"version-history":[{"count":0,"href":"https:\/\/staging.ivg.it\/ediapi\/wp\/v2\/posts\/256154\/revisions"}],"wp:attachment":[{"href":"https:\/\/staging.ivg.it\/ediapi\/wp\/v2\/media?parent=256154"}],"wp:term":[{"taxonomy":"category","embeddable":true,"href":"https:\/\/staging.ivg.it\/ediapi\/wp\/v2\/categories?post=256154"},{"taxonomy":"post_tag","embeddable":true,"href":"https:\/\/staging.ivg.it\/ediapi\/wp\/v2\/tags?post=256154"}],"curies":[{"name":"wp","href":"https:\/\/api.w.org\/{rel}","templated":true}]}}