{"id":256024,"date":"2014-01-09T16:45:18","date_gmt":"2014-01-09T15:45:18","guid":{"rendered":"http:\/\/www.ivg.it\/?p=256024"},"modified":"2014-01-10T12:10:06","modified_gmt":"2014-01-10T11:10:06","slug":"protesta-dei-forconi-linchiesta-affidata-al-pm-pelosi-si-indaga-interruzione-pubblico-servizio-violazione-del-tulps","status":"publish","type":"post","link":"https:\/\/staging.ivg.it\/2014\/01\/protesta-dei-forconi-linchiesta-affidata-al-pm-pelosi-si-indaga-interruzione-pubblico-servizio-violazione-del-tulps\/","title":{"rendered":"Protesta dei forconi, l&#8217;inchiesta affidata al pm Pelosi: si indaga per interruzione di pubblico servizio e violazione del Tulps"},"content":{"rendered":"<p><strong>Savona\/Albenga<\/strong>. Sar\u00e0 il sostituto procuratore Ubaldo Pelosi ad occuparsi dell&#8217;inchiesta sui presunti episodi di illegalit\u00e0 registrati nei giorni della protesta dei forconi a Savona. Nei prossimi giorni il pm inizier\u00e0 quindi ad analizzare la documentazione, si tratta delle annotazioni e delle informative arrivate in Procura direttamente dalla Questura di Savona, nelle quali sono documentati alcuni episodi.<\/p>\n<p>I reati ipotizzati dagli inquirenti sono interruzione di pubblico servizio e la violazione dell&#8217;articolo 18 del Testo unico delle Leggi di Pubblica Sicurezza, ovvero quello relativo alla regolamentazione delle &#8220;riunioni pubbliche e degli assembramenti in luogo pubblico&#8221;. Secondo quanto trapela sarebbero almeno una trentina le persone identificate dalla Digos di Savona e dai carabinieri di Albenga e sulle condotte delle quali adesso indaga la Procura. Nel mirino sono finiti i blocchi del traffico in numerose vie e piazze di Savona e l'&#8221;occupazione&#8221; dei binari ferroviari a Mongrifone e Albenga.<\/p>\n<p>Durante tutti i quattro giorni di protesta le forze dell&#8217;ordine hanno monitorato quanto stava accadendo e acquisito un&#8217;ampia documentazione fotografica e video. Materiale che, una volta analizzato, ha permesso di completare le &#8220;informative&#8221; consegnate al Procuratore Francantonio Granero, ma anche di identificare i contestatori.<\/p>\n","protected":false},"excerpt":{"rendered":"<p>Savona\/Albenga. Sar\u00e0 il sostituto procuratore Ubaldo Pelosi ad occuparsi dell&#8217;inchiesta sui presunti episodi di illegalit\u00e0 registrati nei giorni della protesta dei forconi a Savona. Nei prossimi giorni il pm inizier\u00e0 quindi ad analizzare la documentazione, si tratta delle annotazioni e delle informative arrivate in Procura direttamente dalla Questura di Savona, nelle quali sono documentati alcuni [&hellip;]<\/p>\n","protected":false},"author":2394,"featured_media":0,"comment_status":"open","ping_status":"closed","sticky":false,"template":"","format":"standard","meta":{"footnotes":""},"categories":[34],"tags":[85841,50553,50774,24615,85850,50801],"class_list":["post-256024","post","type-post","status-publish","format-standard","hentry","category-cronaca","tag-albenga","tag-coordinamento-9-dicembre","tag-forconi","tag-procura-savona","tag-savona","tag-sciopero-forconi","post_cat_citta-albenga","post_cat_citta-savona"],"amp_validity":null,"amp_enabled":true,"_links":{"self":[{"href":"https:\/\/staging.ivg.it\/ediapi\/wp\/v2\/posts\/256024","targetHints":{"allow":["GET"]}}],"collection":[{"href":"https:\/\/staging.ivg.it\/ediapi\/wp\/v2\/posts"}],"about":[{"href":"https:\/\/staging.ivg.it\/ediapi\/wp\/v2\/types\/post"}],"author":[{"embeddable":true,"href":"https:\/\/staging.ivg.it\/ediapi\/wp\/v2\/users\/2394"}],"replies":[{"embeddable":true,"href":"https:\/\/staging.ivg.it\/ediapi\/wp\/v2\/comments?post=256024"}],"version-history":[{"count":0,"href":"https:\/\/staging.ivg.it\/ediapi\/wp\/v2\/posts\/256024\/revisions"}],"wp:attachment":[{"href":"https:\/\/staging.ivg.it\/ediapi\/wp\/v2\/media?parent=256024"}],"wp:term":[{"taxonomy":"category","embeddable":true,"href":"https:\/\/staging.ivg.it\/ediapi\/wp\/v2\/categories?post=256024"},{"taxonomy":"post_tag","embeddable":true,"href":"https:\/\/staging.ivg.it\/ediapi\/wp\/v2\/tags?post=256024"}],"curies":[{"name":"wp","href":"https:\/\/api.w.org\/{rel}","templated":true}]}}