{"id":255945,"date":"2014-01-08T15:46:18","date_gmt":"2014-01-08T14:46:18","guid":{"rendered":"http:\/\/www.ivg.it\/?p=255945"},"modified":"2014-01-08T17:37:51","modified_gmt":"2014-01-08T16:37:51","slug":"anno-nuovo-scuola-vecchia-savona-cosseria-gli-studenti-rimangono-al-freddo","status":"publish","type":"post","link":"https:\/\/staging.ivg.it\/2014\/01\/anno-nuovo-scuola-vecchia-savona-cosseria-gli-studenti-rimangono-al-freddo\/","title":{"rendered":"Anno nuovo, scuola vecchia: a Savona e Cosseria gli studenti rimangono al freddo"},"content":{"rendered":"<p><strong>Cosseria \/ Savona.<\/strong> Un rientro &#8220;gelido&#8221; quelli di alcuni studenti ieri mattina, il primo giorno di scuola dopo le vacanze. Sia alla scuola di Cosseria sia in una succursale dell&#8217;istituto Della Rovere di Savona, il riscaldamento \u00e8 rimasto spento a causa di un guasto alla caldaia, impedendo il regolare svolgimento delle lezioni.<\/p>\n<p>Nella sede esterna di via Don Bosco dell&#8217;istituto Della Rovere i ragazzi, ieri mattina, hanno trovato i termosifoni spenti. Vibrate proteste da parte dei liceali e incontro chiesto e ottenuto con il preside: al termine della terza ora di lezione, la decisione di sospendere le lezioni e il &#8220;liberi tutti&#8221;. &#8220;Il guasto alla caldaia \u00e8 stato riparato in tempi rapidissimi &#8211; spiega l&#8217;assessore provinciale Roberto Schneck &#8211; ma ovviamente, date le dimensioni del plesso, c&#8217;\u00e8 voluto del tempo perch\u00e9 la temperatura nelle aule risalisse, e nel frattempo il dirigente scolastico ha ritenuto opportuno mandare a casa gli studenti&#8221;. Gi\u00e0 questa mattina il riscaldamento era regolarmente funzionante.<\/p>\n<p>Problemi simili anche a Cosseria, dove i bimbi hanno ricevuto dalla befana un piccolo &#8220;allungo&#8221; per le loro vacanze. Anche in questo caso un guasto, nonostante la struttura sia recentissima (\u00e8 stata inaugurata solo il 17 settembre scorso, alla presenza del presidente della Regione Claudio Burlando). &#8220;Mi scuso per i disagi che hanno dovuto sopportare alunni e genitori &#8211; dice il primo cittadino Andrea Berruti &#8211; purtroppo la caldaia ha deciso di rompersi durante le feste quando la scuola \u00e8 inutilizzata. Il guasto \u00e8 stato immediatamente riparato e gi\u00e0 da domani tutte le lezioni si svolgeranno regolarmente&#8221;.<\/p>\n","protected":false},"excerpt":{"rendered":"<p>Cosseria \/ Savona. Un rientro &#8220;gelido&#8221; quelli di alcuni studenti ieri mattina, il primo giorno di scuola dopo le vacanze. Sia alla scuola di Cosseria sia in una succursale dell&#8217;istituto Della Rovere di Savona, il riscaldamento \u00e8 rimasto spento a causa di un guasto alla caldaia, impedendo il regolare svolgimento delle lezioni. Nella sede esterna [&hellip;]<\/p>\n","protected":false},"author":10593,"featured_media":0,"comment_status":"open","ping_status":"closed","sticky":false,"template":"","format":"standard","meta":{"footnotes":""},"categories":[56],"tags":[5796,85902,3039,85850,199],"class_list":["post-255945","post","type-post","status-publish","format-standard","hentry","category-altre","tag-andrea-berruti","tag-cosseria","tag-roberto-schneck","tag-savona","tag-scuola","post_cat_citta-cosseria","post_cat_citta-savona"],"amp_validity":null,"amp_enabled":true,"_links":{"self":[{"href":"https:\/\/staging.ivg.it\/ediapi\/wp\/v2\/posts\/255945","targetHints":{"allow":["GET"]}}],"collection":[{"href":"https:\/\/staging.ivg.it\/ediapi\/wp\/v2\/posts"}],"about":[{"href":"https:\/\/staging.ivg.it\/ediapi\/wp\/v2\/types\/post"}],"author":[{"embeddable":true,"href":"https:\/\/staging.ivg.it\/ediapi\/wp\/v2\/users\/10593"}],"replies":[{"embeddable":true,"href":"https:\/\/staging.ivg.it\/ediapi\/wp\/v2\/comments?post=255945"}],"version-history":[{"count":0,"href":"https:\/\/staging.ivg.it\/ediapi\/wp\/v2\/posts\/255945\/revisions"}],"wp:attachment":[{"href":"https:\/\/staging.ivg.it\/ediapi\/wp\/v2\/media?parent=255945"}],"wp:term":[{"taxonomy":"category","embeddable":true,"href":"https:\/\/staging.ivg.it\/ediapi\/wp\/v2\/categories?post=255945"},{"taxonomy":"post_tag","embeddable":true,"href":"https:\/\/staging.ivg.it\/ediapi\/wp\/v2\/tags?post=255945"}],"curies":[{"name":"wp","href":"https:\/\/api.w.org\/{rel}","templated":true}]}}