{"id":255851,"date":"2014-01-07T10:48:43","date_gmt":"2014-01-07T09:48:43","guid":{"rendered":"http:\/\/www.ivg.it\/?p=255851"},"modified":"2014-01-07T16:40:33","modified_gmt":"2014-01-07T15:40:33","slug":"segni-luce-noli-mostra-dedicata-alle-stelle-alla-fondazione-santantonio","status":"publish","type":"post","link":"https:\/\/staging.ivg.it\/2014\/01\/segni-luce-noli-mostra-dedicata-alle-stelle-alla-fondazione-santantonio\/","title":{"rendered":"&#8220;Segni di luce&#8221;, a Noli una mostra dedicata alle stelle alla Fondazione Sant&#8217;Antonio"},"content":{"rendered":"<p><strong>Noli<\/strong>. Fino al 2 febbraio a Noli, nella sede della Fondazione Culturale di Partecipazione Sant&#8217;Antonio sar\u00e0 possibile visitare la mostra &#8220;Segni di luce &#8211; Le stelle nel cielo di Noli&#8221;. A raccontare l&#8217;esposizione \u00e8 Lucio Fossati, direttore Fondazione, che spiega: &#8220;Questa \u00e8 una mostra natalizia, una tradizione che si rinnova ogni anno per la nostra Fondazione. E&#8217; uno dei momenti pi\u00f9 importanti nel panorama delle manifestazioni che proponiamo e quest&#8217;anno abbiamo pensato di guardare in alto, alle stelle. Abbiamo pensato a quello perch\u00e9 da sempre l&#8217;uomo lo fa ed \u00e8 affascinato da loro&#8221;.<\/p>\n<p>&#8220;La mostra \u00e8 stata allestita in collaborazione con gli Astrofili Savonesi che hanno fornito il materiale. Inoltre abbiamo previsto due eventi collaterali, il primo \u00e8 stato una chiacchierata sul tema &#8216;Astri e disastri&#8217;concluso con la visita al planetario, il secondo invece \u00e8 la visione di un film, un docu-fantrasy, &#8216;Al di l\u00e0 della Luna&#8217;, al quale \u00e8 seguita un&#8217;osservazione del cielo attraverso i telescopi&#8221; prosegue Fossati.<\/p>\n<p>&#8220;Abbiamo poi voluto dare anche un taglio pi\u00f9 sociale a questa mostra augurandoci che l&#8217;uomo, guardando il cielo di notte, si renda conto di quanto infinitesimale sia la sua parte, non solo come uomo, ma anche come pianeta e di conseguenza torni alla ribalta il sentimento dell&#8217;umilt\u00e0. Noi speriamo che questo accada e che questa umilt\u00e0 venga traslata in quella che \u00e8 la vita di tutti i giorni. Sicuramente siamo convinti che uscire di casa con qualche spicciolo di umilt\u00e0 sia sempre una cosa importante. Sicuramente non potremo cambiare il mondo, ma potremmo comunque aiutare a migliorarlo&#8221; conclude il presidente della Fondazione Sant&#8217;Antonio.<\/p>\n<p>La mostra sar\u00e0 aperta fino al 2 febbraio ed \u00e8 visitabile al gioved\u00ec, sabato e domenica, dalle 16 alle 18,30.<\/p>\n","protected":false},"excerpt":{"rendered":"<p>Noli. Fino al 2 febbraio a Noli, nella sede della Fondazione Culturale di Partecipazione Sant&#8217;Antonio sar\u00e0 possibile visitare la mostra &#8220;Segni di luce &#8211; Le stelle nel cielo di Noli&#8221;. A raccontare l&#8217;esposizione \u00e8 Lucio Fossati, direttore Fondazione, che spiega: &#8220;Questa \u00e8 una mostra natalizia, una tradizione che si rinnova ogni anno per la nostra [&hellip;]<\/p>\n","protected":false},"author":13744,"featured_media":0,"comment_status":"open","ping_status":"closed","sticky":false,"template":"","format":"standard","meta":{"footnotes":""},"categories":[],"tags":[37750,389,85925],"class_list":["post-255851","post","type-post","status-publish","format-standard","hentry","tag-astrofili-savonesi","tag-mostre-darte","tag-noli","post_cat_citta-noli"],"amp_validity":null,"amp_enabled":true,"_links":{"self":[{"href":"https:\/\/staging.ivg.it\/ediapi\/wp\/v2\/posts\/255851","targetHints":{"allow":["GET"]}}],"collection":[{"href":"https:\/\/staging.ivg.it\/ediapi\/wp\/v2\/posts"}],"about":[{"href":"https:\/\/staging.ivg.it\/ediapi\/wp\/v2\/types\/post"}],"author":[{"embeddable":true,"href":"https:\/\/staging.ivg.it\/ediapi\/wp\/v2\/users\/13744"}],"replies":[{"embeddable":true,"href":"https:\/\/staging.ivg.it\/ediapi\/wp\/v2\/comments?post=255851"}],"version-history":[{"count":0,"href":"https:\/\/staging.ivg.it\/ediapi\/wp\/v2\/posts\/255851\/revisions"}],"wp:attachment":[{"href":"https:\/\/staging.ivg.it\/ediapi\/wp\/v2\/media?parent=255851"}],"wp:term":[{"taxonomy":"category","embeddable":true,"href":"https:\/\/staging.ivg.it\/ediapi\/wp\/v2\/categories?post=255851"},{"taxonomy":"post_tag","embeddable":true,"href":"https:\/\/staging.ivg.it\/ediapi\/wp\/v2\/tags?post=255851"}],"curies":[{"name":"wp","href":"https:\/\/api.w.org\/{rel}","templated":true}]}}