{"id":255847,"date":"2014-01-07T10:12:09","date_gmt":"2014-01-07T09:12:09","guid":{"rendered":"http:\/\/www.ivg.it\/?p=255847"},"modified":"2014-01-07T10:22:46","modified_gmt":"2014-01-07T09:22:46","slug":"albenga-il-pd-ingauno-attacca-guarnieri-buffo-avere-lezioni-democrazia-chi-politica-si-sempre-sentita-onnipotente","status":"publish","type":"post","link":"https:\/\/staging.ivg.it\/2014\/01\/albenga-il-pd-ingauno-attacca-guarnieri-buffo-avere-lezioni-democrazia-chi-politica-si-sempre-sentita-onnipotente\/","title":{"rendered":"Albenga, il Pd ingauno attacca Guarnieri: &#8220;Buffo avere lezioni di democrazia da chi in politica si \u00e8 sempre sentita onnipotente&#8221;"},"content":{"rendered":"<div title=\"Page 1\">\n<p><strong>Albenga.<\/strong> &#8220;Ascoltare le parole della Sig.ra Guarnieri \u00e8 come assistere a un incontro di pugilato in cui il pugile, ormai in confusione, tira colpi al vento&#8221;. Ricorrono a una metafora sportiva Alessandro Andreis e Iuri Patrone, segretari dei circoli Pd di Albenga e Villanova, nel loro nuovo attacco all&#8217;ex sindaco ingauno.<\/p>\n<p>I due si rivolgono direttamente alla &#8220;zarina verde&#8221; con parole dure: &#8220;Signora Guarnieri, \u00e8 buffo avere lezioni di democrazia da chi come Lei ha un passato amministrativo segnato da una presunzione di onnipotenza politica nei confronti dell&#8217;opposizione, dei cittadini e della sua ormai ex maggioranza consigliare. Ma del resto i giudizi al suo operato amministrativo hanno avuto l&#8217;epilogo che tutti, Ingauni e Villanovesi, ormai bene conoscono&#8221;.<\/p>\n<p>&#8220;Anche in questo caso l&#8217;ex sindaco albenganese non si smentisce &#8211; proseguono &#8211; con l&#8217;abilit\u00e0 di \u201ccuoca\u201d navigata (sembra aver scoperto il nuovo piacere di dedicarsi alla cucina con parenti ed amici), che rivolta la frittata. Il Partito Democratico \u00e8 un partito coeso che ha sempre saputo ascoltare i cittadini siano essi Ingauni o Villanovesi in tempi in cui la signora Guarnieri e la Lega Nord parlavano di secessione inneggiando alla divisione sociale. Il Partito Democratico non fa e non ha mai fatto basse divisioni campanilistiche degne della vecchia politica di cui la signora Guarnieri \u00e8 parte. Il Partito Democratico ha un Segretario Nazionale, Matteo Renzi, scelto da quasi tre milioni di italiani, 9023 in provincia di Savona, 843 Albenganesi e 188 tra Villanova e comprensorio&#8221;.<\/p>\n<p>&#8220;Iuri Patrone, Democratico, e la segreteria di Villanova e comprensorio, Alessandro Andreis, Democratico, e la segreteria Ingauna, come del resto chiaramente dichiarato, sono dalla parte dei cittadini, dei comitati, delle associazioni e degli imprenditori Villanovesi e non, rispettosi delle autonomie di azione e di pensiero! I cittadini meritano rispetto. Ha ragione signora Guarnieri, da che mondo e mondo le persone si riuniscono e dibattono. Ed \u00e8 giusto cos\u00ec! Compito dei partiti \u00e8 controllare che novelli imbonitori non vendano fumo per trarne vantaggio politico e Lei, signora Guarnieri, purtroppo per i cittadini Albenganesi e Villanovesi, credo ne sappia qualcosa&#8221;, concludono.<\/p>\n<\/div>\n","protected":false},"excerpt":{"rendered":"<p>Albenga. &#8220;Ascoltare le parole della Sig.ra Guarnieri \u00e8 come assistere a un incontro di pugilato in cui il pugile, ormai in confusione, tira colpi al vento&#8221;. Ricorrono a una metafora sportiva Alessandro Andreis e Iuri Patrone, segretari dei circoli Pd di Albenga e Villanova, nel loro nuovo attacco all&#8217;ex sindaco ingauno. I due si rivolgono [&hellip;]<\/p>\n","protected":false},"author":13744,"featured_media":0,"comment_status":"open","ping_status":"closed","sticky":false,"template":"","format":"standard","meta":{"footnotes":""},"categories":[31],"tags":[25321,3867,37825,630,197,6607],"class_list":["post-255847","post","type-post","status-publish","format-standard","hentry","category-politica","tag-alessandro-andreis","tag-guarnieri","tag-iuri-patrone","tag-lega-nord","tag-pd","tag-rosy-guarnieri","post_cat_citta-albenga","post_cat_citta-villanova-dalbenga"],"amp_validity":null,"amp_enabled":true,"_links":{"self":[{"href":"https:\/\/staging.ivg.it\/ediapi\/wp\/v2\/posts\/255847","targetHints":{"allow":["GET"]}}],"collection":[{"href":"https:\/\/staging.ivg.it\/ediapi\/wp\/v2\/posts"}],"about":[{"href":"https:\/\/staging.ivg.it\/ediapi\/wp\/v2\/types\/post"}],"author":[{"embeddable":true,"href":"https:\/\/staging.ivg.it\/ediapi\/wp\/v2\/users\/13744"}],"replies":[{"embeddable":true,"href":"https:\/\/staging.ivg.it\/ediapi\/wp\/v2\/comments?post=255847"}],"version-history":[{"count":0,"href":"https:\/\/staging.ivg.it\/ediapi\/wp\/v2\/posts\/255847\/revisions"}],"wp:attachment":[{"href":"https:\/\/staging.ivg.it\/ediapi\/wp\/v2\/media?parent=255847"}],"wp:term":[{"taxonomy":"category","embeddable":true,"href":"https:\/\/staging.ivg.it\/ediapi\/wp\/v2\/categories?post=255847"},{"taxonomy":"post_tag","embeddable":true,"href":"https:\/\/staging.ivg.it\/ediapi\/wp\/v2\/tags?post=255847"}],"curies":[{"name":"wp","href":"https:\/\/api.w.org\/{rel}","templated":true}]}}