{"id":255784,"date":"2014-01-04T08:54:06","date_gmt":"2014-01-04T07:54:06","guid":{"rendered":"http:\/\/www.ivg.it\/?p=255784"},"modified":"2014-01-05T11:55:33","modified_gmt":"2014-01-05T10:55:33","slug":"albenga-la-riscossa-dei-commercianti-cronisti","status":"publish","type":"post","link":"https:\/\/staging.ivg.it\/2014\/01\/albenga-la-riscossa-dei-commercianti-cronisti\/","title":{"rendered":"Albenga, la riscossa dei &#8220;commercianti-cronisti&#8221;"},"content":{"rendered":"<p><strong>Albenga.<\/strong> E&#8217; la via pi\u00f9 attiva e combattiva di Albenga. Quella che, settimane fa, non ha esitato un attimo ad accogliere compatta l&#8217;appello dei forconi, dando vita a una serrata della prima ora &#8220;senza se e senza ma&#8221;; quella che ha trasformato i suoi commercianti in cronisti attenti e pronti a denunciare magagne, cos\u00ec come a sottolinearne le bellezze, in un giornalino online dedicato solo ed esclusivamente a questa piccola fetta di citt\u00e0; quella che &#8220;se non ci date gli addobbi natalizi ce li procuriamo noi&#8221; e &#8220;se non ci valorizzate ci rifacciamo il look da soli&#8221;.<\/p>\n<p>Siamo in via Don Isola, una delle traverse pi\u00f9 vivaci di viale Martiri della Libert\u00e0. Sei commercianti in tutto, capaci di parlare con una sola voce e, per questo, pi\u00f9 rumorosi di tante urla dissonanti. Compattezza \u00e8 la parola d&#8217;ordine, ed \u00e8 la filosofia che li guida nel rilanciare una strada che non vuole essere considerata secondaria, ma punta ad essere meta di shopping.<\/p>\n<p>Lo si vede dai particolari: dai tappetini rossi che accolgono il cliente alla soglia dei negozi, dai vasi di fiori che abbelliscono le vetrine e, ora, dalle decorazioni natalizie fai-da-te che accompagnano i visitatori lungo questi pochi passi che separano il viale dalla chiesa del Sacro Cuore. <\/p>\n<p>Ma lo si nota anche dalle tante iniziative che questi super attivi esercenti hanno messo in piedi nel corso del tempo, senza liti, discussioni, defezioni che, a volte, rischiano di caratterizzare altre realt\u00e0 che uniscono un maggior numero di teste: la chiusura di tutte le attivit\u00e0 lo scorso 9 dicembre in occasione della protesta dei forconi e la nascita su Facebook de &#8220;Il giornalino di via Don Isola e Dintorni&#8221; in cui si segnalano iniziative, successi, cos\u00ec come i problemi di questa piccola strada.<\/p>\n<p>&#8220;Dagli allagamenti che, ad ogni pioggia pi\u00f9 intensa, ci creano non pochi disagi, alle aiuole indecorose che dobbiamo &#8216;ammirare&#8217; ogni giorno e che non invogliano certo al passeggio: noi segnaliamo anche questo, sperando che prima o poi qualcuno ci ascolti &#8211; dice Sara Persico di &#8220;Fotottica Del Borgo 2&#8243;, uno dei cronisti-commercianti &#8211; Siamo convinti che avere obiettivi comuni, essere decisi e restare compatti sia l&#8217;unico modo per cambiare le cose. Mi \u00e8 dispiaciuto che, il 9 dicembre, fossimo solo noi a protestare: una serrata generale, almeno di tutti i negozi della zona, avrebbe dato maggior risalto alle preoccupazioni della nostra categoria, stritolata da tasse e alle prese con un potere d&#8217;acquisto sempre minore. E&#8217; stata un&#8217;occasione mancata&#8221;.<\/p>\n<p>Ma qui tutti lo rifarebbero: &#8220;Il problema \u00e8 reale e sentito per cui abbiamo aderito &#8211; aggiunge Claudia Parodi dell&#8217;erboristeria &#8220;Biovita&#8221; &#8211; Ora la nostra battaglia si fa giorno per giorno, con il tentativo di rendere pi\u00f9 attraente questa via. Una delle questioni da affrontare \u00e8 quella della scarsa illuminazione: lo denunciamo da tempo, ma pare che nessuno ascolti. Noi comunque non ci arrendiamo&#8221;.<\/p>\n<p>La mancanza di interlocutori \u00e8 il cruccio di chi lavora qui, all&#8217;ombra delle torri di una citt\u00e0 che, oltretutto, \u00e8 commissariata. &#8220;Non ci vogliamo solo lamentare per il gusto di farlo: vorremmo che qualcuno si presentasse da noi e ci venisse incontro &#8211; \u00e8 l&#8217;appello di Calisto Agolio e della moglie Adriana, che gestiscono il negozio di abbigliamento &#8220;NoveDonIsola&#8221; &#8211; Vorremmo definire obiettivi precisi e mettere in campo risorse umane. Questa \u00e8 una via che ha un&#8217;anima. Vedere per credere&#8221;.<\/p>\n","protected":false},"excerpt":{"rendered":"<p>Albenga. E&#8217; la via pi\u00f9 attiva e combattiva di Albenga. Quella che, settimane fa, non ha esitato un attimo ad accogliere compatta l&#8217;appello dei forconi, dando vita a una serrata della prima ora &#8220;senza se e senza ma&#8221;; quella che ha trasformato i suoi commercianti in cronisti attenti e pronti a denunciare magagne, cos\u00ec come [&hellip;]<\/p>\n","protected":false},"author":2620,"featured_media":0,"comment_status":"open","ping_status":"closed","sticky":false,"template":"","format":"standard","meta":{"footnotes":""},"categories":[34],"tags":[85841,1942],"class_list":["post-255784","post","type-post","status-publish","format-standard","hentry","category-cronaca","tag-albenga","tag-commercianti","post_cat_citta-albenga"],"amp_validity":null,"amp_enabled":true,"_links":{"self":[{"href":"https:\/\/staging.ivg.it\/ediapi\/wp\/v2\/posts\/255784","targetHints":{"allow":["GET"]}}],"collection":[{"href":"https:\/\/staging.ivg.it\/ediapi\/wp\/v2\/posts"}],"about":[{"href":"https:\/\/staging.ivg.it\/ediapi\/wp\/v2\/types\/post"}],"author":[{"embeddable":true,"href":"https:\/\/staging.ivg.it\/ediapi\/wp\/v2\/users\/2620"}],"replies":[{"embeddable":true,"href":"https:\/\/staging.ivg.it\/ediapi\/wp\/v2\/comments?post=255784"}],"version-history":[{"count":0,"href":"https:\/\/staging.ivg.it\/ediapi\/wp\/v2\/posts\/255784\/revisions"}],"wp:attachment":[{"href":"https:\/\/staging.ivg.it\/ediapi\/wp\/v2\/media?parent=255784"}],"wp:term":[{"taxonomy":"category","embeddable":true,"href":"https:\/\/staging.ivg.it\/ediapi\/wp\/v2\/categories?post=255784"},{"taxonomy":"post_tag","embeddable":true,"href":"https:\/\/staging.ivg.it\/ediapi\/wp\/v2\/tags?post=255784"}],"curies":[{"name":"wp","href":"https:\/\/api.w.org\/{rel}","templated":true}]}}