{"id":255647,"date":"2013-12-31T09:22:17","date_gmt":"2013-12-31T08:22:17","guid":{"rendered":"http:\/\/www.ivg.it\/?p=255647"},"modified":"2014-01-04T15:15:35","modified_gmt":"2014-01-04T14:15:35","slug":"chiude-crisi-sulla-a10-larea-servizio-savona-la-italia","status":"publish","type":"post","link":"https:\/\/staging.ivg.it\/2013\/12\/chiude-crisi-sulla-a10-larea-servizio-savona-la-italia\/","title":{"rendered":"Chiude per crisi sulla A10 l&#8217;area di servizio di Savona: \u00e8 la prima in Italia, 15 lavoratori a casa"},"content":{"rendered":"<p><strong>Savona<\/strong>. Di fatto, \u00e8 la prima area di servizio italiana che chiude sotto i colpi della crisi. E&#8217; la San Cristoforo Sud, sulla A10 tra Savona e Albisola in direzione Genova, che con il nuovo anno diventer\u00e0 una sorta di &#8220;fantasma&#8221; lasciando a casa una quindicina di lavoratori.<\/p>\n<p>Sono le 8,48 quando il gestore dell&#8217;area chiama la sala radio del tronco autostradale di Genova per comunicare qualcosa che mai si era sentito prima, ossia che quello spicchio di autostrada in cui fare benzina o prendersi un caff\u00e8 da oggi \u00e8 ufficialmente chiuso. Dall&#8217;altra parte della cornetta un po&#8217; di sorpresa e smarrimento ma ormai il gioco \u00e8 fatto. <\/p>\n<p>Che qui tirasse una brutta aria era noto da tempo, ma la conferma dei licenziamenti arrivata circa un mese e mezzo fa tramite lettera e confermata proprio nel corso delle festivit\u00e0 natalizie, ha gettato ovviamente nello sconforto chi ne subir\u00e0 le conseguenze. E cos\u00ec questa mattina gli ormai ex dipendenti si sono riuniti proprio nella &#8220;loro&#8221; area di servizio per esprimere tutta la preoccupazione per un 2014 dalle tinte fosche. A salutarli vi era anche un cliente affezionatissimo, che ha pagato perfino il pedaggio pur di stringere la mano a chi non lavorer\u00e0 pi\u00f9 qui.<\/p>\n<p>&#8220;Il 20 dicembre abbiamo saputo che l&#8217;area avrebbe chiuso e il nostro augurio \u00e8 che qualora venisse riaperta avessimo la priorit\u00e0 su altro personale: almeno questo!&#8221; dice una lavoratrice. L&#8217;augurio che riapra riguarda anche gli utenti, visto che qui si creer\u00e0 un vuoto che potrebbe &#8220;toccare&#8221; in particolare i camionisti: in direzione Genova, infatti, dopo l&#8217;area di Borsana (che precede quella di San Cristoforo Sud) vi \u00e8 solo quella di Varazze in cui per\u00f2 i Tir non possono entrare. Questo significherebbe doversi spingere fino a Genova Nervi per fare benzina per i mezzi pesanti che proseguono in direzione Toscana, e fino a Masone per chi procede sulla Gravellona Toce, con un &#8220;buco&#8221; di una settantina di chilometri.<\/p>\n<p>&#8220;Speravamo in una soluzione: dovevano rientrare la societ\u00e0 Airest e Tamoil ma in realt\u00e0 hanno deciso di andare via per cui chiudiamo. Ora siamo tutti a spasso. Vediamo come cavarcela con la disoccupazione&#8221; dice Laura Divairo, un&#8217;altra lavoratrice. Una collega, Adele, di 42 anni, aggiunge commossa: &#8220;Ho visto nascere quest&#8217;area, mi si stringe il cuore oggi a vederla cos\u00ec. Qui c&#8217;\u00e8 un pezzo della mia vita, grazie a questo lavoro sono riuscita a pagarmi un mutuo e ora ho due figli da mantenere e non so come fare. Non \u00e8 facile di questi tempi trovare un&#8217;altra occupazione; non sappiamo ancora oggi che fine far\u00e0 questo posto e nessuno riesce a spiegarci come faccia a chiudere un&#8217;area di servizio sulla A10&#8230; ripeto: sulla A10!&#8221;. La disperazione fa s\u00ec che i lavoratori in queste ore abbiano occupato l&#8217;area impedendo a chi di dovere di apporre i sigilli.<\/p>\n<p>La crisi del traffico unita anche all\u2019installazione, nel 2011, dei pannelli fono assorbenti hanno messo in ginocchio la societ\u00e0 di gestione, Servishop, che, nonostante il calo dei consumi, in questi anni ha sempre cercato di mantenere inalterati i livelli occupazionali.<\/p>\n<p>La crisi \u00e8 iniziata proprio con l\u2019installazione delle barriere antirumore in quel tratto di autostrada che ha costretto per mesi alla \u201cchiusura forzata\u201d dell\u2019area di servizio. Una volta ultimati i lavori il punto di sosta \u00e8 diventato quasi invisibile.<\/p>\n<p>Il titolare dell&#8217;area, Marco Ghenati commenta: &#8220;Oggi chiudiamo, per primi in Italia, un&#8217;area di servizio con gravi problemi economici. I problemi sono iniziati con l&#8217;installazione dei pannelli fotovoltaici. Questo ha comportato un calo di fatturato mentre i canoni di affitto sono rimasti quelli. Nessuno purtroppo \u00e8 riuscito ad aiutarci. In questi 4 anni abbiamo registrato un decremento del 50%&#8221;.<\/p>\n<p>La situazione \u00e8 molto ingarbugliata nel senso che il contratto con Autostrade per l\u2019Italia siglato da Tamoil e dalla societ\u00e0 Airest scade nel 2015, ma il gestore attuale, la Servishop, non riesce pi\u00f9 a far fronte alle spese. Negli ultimi periodi sia Tamoil che Airest hanno aiutato il gestore con dei contributi, anche ingenti, ma per il futuro non hanno fornito garanzie. Il perdurare della crisi e la continua diminuzione dei clienti hanno quindi obbligato la Servishop ad alzare bandiera bianca. Di qui la decisione di abbandonare la gestione dell\u2019area di servizio alla fine dell\u2019anno lasciando a casa tutti i lavoratori. <\/p>\n","protected":false},"excerpt":{"rendered":"<p>Savona. Di fatto, \u00e8 la prima area di servizio italiana che chiude sotto i colpi della crisi. E&#8217; la San Cristoforo Sud, sulla A10 tra Savona e Albisola in direzione Genova, che con il nuovo anno diventer\u00e0 una sorta di &#8220;fantasma&#8221; lasciando a casa una quindicina di lavoratori. Sono le 8,48 quando il gestore dell&#8217;area [&hellip;]<\/p>\n","protected":false},"author":13744,"featured_media":0,"comment_status":"open","ping_status":"closed","sticky":false,"template":"","format":"standard","meta":{"footnotes":""},"categories":[34],"tags":[789,432,50476,85850],"class_list":["post-255647","post","type-post","status-publish","format-standard","hentry","category-cronaca","tag-a10","tag-albisola","tag-san-cristoforo-sud","tag-savona","post_cat_citta-albisola-superiore","post_cat_citta-savona"],"amp_validity":null,"amp_enabled":true,"_links":{"self":[{"href":"https:\/\/staging.ivg.it\/ediapi\/wp\/v2\/posts\/255647","targetHints":{"allow":["GET"]}}],"collection":[{"href":"https:\/\/staging.ivg.it\/ediapi\/wp\/v2\/posts"}],"about":[{"href":"https:\/\/staging.ivg.it\/ediapi\/wp\/v2\/types\/post"}],"author":[{"embeddable":true,"href":"https:\/\/staging.ivg.it\/ediapi\/wp\/v2\/users\/13744"}],"replies":[{"embeddable":true,"href":"https:\/\/staging.ivg.it\/ediapi\/wp\/v2\/comments?post=255647"}],"version-history":[{"count":0,"href":"https:\/\/staging.ivg.it\/ediapi\/wp\/v2\/posts\/255647\/revisions"}],"wp:attachment":[{"href":"https:\/\/staging.ivg.it\/ediapi\/wp\/v2\/media?parent=255647"}],"wp:term":[{"taxonomy":"category","embeddable":true,"href":"https:\/\/staging.ivg.it\/ediapi\/wp\/v2\/categories?post=255647"},{"taxonomy":"post_tag","embeddable":true,"href":"https:\/\/staging.ivg.it\/ediapi\/wp\/v2\/tags?post=255647"}],"curies":[{"name":"wp","href":"https:\/\/api.w.org\/{rel}","templated":true}]}}