{"id":255569,"date":"2013-12-28T14:12:58","date_gmt":"2013-12-28T13:12:58","guid":{"rendered":"http:\/\/www.ivg.it\/?p=255569"},"modified":"2013-12-28T14:12:58","modified_gmt":"2013-12-28T13:12:58","slug":"poiana-soccorsa-dallenpa-sassello-deceduto-lastore-trovato-celle","status":"publish","type":"post","link":"https:\/\/staging.ivg.it\/2013\/12\/poiana-soccorsa-dallenpa-sassello-deceduto-lastore-trovato-celle\/","title":{"rendered":"Poiana soccorsa dall&#8217;Enpa a Sassello, deceduto l&#8217;astore trovato a Celle"},"content":{"rendered":"<p><strong>Celle Ligure<\/strong>. Un bellissimo e raro astore, maestoso uccello rapace, \u00e8 stato raccolto, ormai moribondo, dai volontari della Protezione Animali a Pecorile, sulle alture di Celle ligure.<\/p>\n<p>Il volatile \u00e8 morto poco dopo il soccorso, presentava numerose fratture, le cui cause (impatto con un\u2019auto o fucilata) saranno ricercate negli esami al quale sar\u00e0 sottoposto da parte del Museo di storia naturale di Genova, cui verr\u00e0 affidato dall\u2019Enpa anche per un\u2019eventuale imbalsamazione.<\/p>\n<p>Si tratta di un uccello in preoccupante riduzione a causa dell\u2019uso di veleni in agricoltura, bocconi avvelenati, fucilate non sempre involontarie e catture illecite di piccoli per la caccia con i rapaci, malgrado sia rigidamente protetto dalla legge. Vive nei boschi con grandi alberi, sui quali costruisce il nido e tra i quali vola con grande maestria ed in cui si ciba di uccelli e piccoli mammiferi artigliandoli a morte.<\/p>\n<p>E\u2019 il primo soggetto raccolto dall\u2019Enpa in molti anni di attivit\u00e0 e sono quasi 1.700 gli animali selvatici soccorsi e curati dell\u2019associazione quest\u2019anno; un lavoro immenso condotto soltanto con i propri volontari ed a proprie spese, perch\u00e9 la Provincia, cui invece spetta per legge tale importante incombenza, non ha messo a bilancio neppure un centesimo.<\/p>\n<p>Il maltempo di questi giorni ha colpito non solo le persone e le cose ma anche gli animali selvatici. Ieri ne ha fatto le spese una poiana, salvata dai volontari dell&#8217;Enpa.<\/p>\n<p>Si trovava a Sassello, posato in evidente difficolt\u00e0 su di un masso in mezzo al fiume. Maria, l&#8217;addetta Enpa ai recuperi, chiamata da alcuni abitanti della zona, non ha avuto esitazioni e si \u00e8 avvicinata all\u2019animale stremato ed infreddolito, che poteva cadere nel torrente al minimo sbaglio ma che ha guardato la soccorritrice e si \u00e8 lasciato prendere docilmente.<\/p>\n<p>Era cos\u00ec debole ed infreddolito che i volontari disperavano di poterlo salvare ma un po\u2019 di caldo ed un buon pasto l&#8217;hanno subito rimesso in forma (nella notte ha continuato a dormire nonostante i controlli per vedere come stava) e sta recuperando anche la sua aggressivit\u00e0. In questi giorni verr\u00e0 curato e sottoposto ad un trattamento con i vermi intestinali, di cui la specie soffre frequentemente; poi verr\u00e0 rimesso poi in libert\u00e0 nella zona di provenienza.<\/p>\n<p>La poiana pu\u00f2 raggiungere un\u2019altezza di 60 centimetri ed un\u2019apertura alare fino a 130, ha abitudini diurne, si ciba di piccoli mammiferi e carogne, vive e nidifica nei boschi ed \u00e8 discretamente diffuso nella provincia di Savona, dove l\u2019Enpa ne soccorre una decina di esemplari all\u2019anno.<\/p>\n","protected":false},"excerpt":{"rendered":"<p>Celle Ligure. Un bellissimo e raro astore, maestoso uccello rapace, \u00e8 stato raccolto, ormai moribondo, dai volontari della Protezione Animali a Pecorile, sulle alture di Celle ligure. Il volatile \u00e8 morto poco dopo il soccorso, presentava numerose fratture, le cui cause (impatto con un\u2019auto o fucilata) saranno ricercate negli esami al quale sar\u00e0 sottoposto da [&hellip;]<\/p>\n","protected":false},"author":13744,"featured_media":0,"comment_status":"open","ping_status":"closed","sticky":false,"template":"","format":"standard","meta":{"footnotes":""},"categories":[],"tags":[86004,436,19621,85947],"class_list":["post-255569","post","type-post","status-publish","format-standard","hentry","tag-celle-ligure","tag-enpa","tag-poiana","tag-sassello","post_cat_citta-celle-ligure","post_cat_citta-sassello"],"amp_validity":null,"amp_enabled":true,"_links":{"self":[{"href":"https:\/\/staging.ivg.it\/ediapi\/wp\/v2\/posts\/255569","targetHints":{"allow":["GET"]}}],"collection":[{"href":"https:\/\/staging.ivg.it\/ediapi\/wp\/v2\/posts"}],"about":[{"href":"https:\/\/staging.ivg.it\/ediapi\/wp\/v2\/types\/post"}],"author":[{"embeddable":true,"href":"https:\/\/staging.ivg.it\/ediapi\/wp\/v2\/users\/13744"}],"replies":[{"embeddable":true,"href":"https:\/\/staging.ivg.it\/ediapi\/wp\/v2\/comments?post=255569"}],"version-history":[{"count":0,"href":"https:\/\/staging.ivg.it\/ediapi\/wp\/v2\/posts\/255569\/revisions"}],"wp:attachment":[{"href":"https:\/\/staging.ivg.it\/ediapi\/wp\/v2\/media?parent=255569"}],"wp:term":[{"taxonomy":"category","embeddable":true,"href":"https:\/\/staging.ivg.it\/ediapi\/wp\/v2\/categories?post=255569"},{"taxonomy":"post_tag","embeddable":true,"href":"https:\/\/staging.ivg.it\/ediapi\/wp\/v2\/tags?post=255569"}],"curies":[{"name":"wp","href":"https:\/\/api.w.org\/{rel}","templated":true}]}}