{"id":255337,"date":"2013-12-21T18:37:14","date_gmt":"2013-12-21T17:37:14","guid":{"rendered":"http:\/\/www.ivg.it\/?p=255337"},"modified":"2013-12-21T18:45:36","modified_gmt":"2013-12-21T17:45:36","slug":"pallanuoto-alberto-angelini-ci-siamo-battuti-leoni-poi-la-forbice-noi-si-aperta","status":"publish","type":"post","link":"https:\/\/staging.ivg.it\/2013\/12\/pallanuoto-alberto-angelini-ci-siamo-battuti-leoni-poi-la-forbice-noi-si-aperta\/","title":{"rendered":"Pallanuoto, Alberto Angelini: &#8220;Ci siamo battuti come leoni ma, poi, la forbice tra noi e loro si \u00e8 aperta&#8221;"},"content":{"rendered":"<p><strong>Savona.<\/strong> Non esiste nella mentalit\u00e0 della Carisa e di mister Angelini in particolare la possibilit\u00e0 di entrare in acqua gi\u00e0 da battuti.<\/p>\n<p>E, anche contro la capolista Brescia, la Rari Nantes conferma che, prima di darsi battuti, i biancorossi\u00a0vendono cara la pelle.<\/p>\n<p>Lo conferma l&#8217;allenatore Alberto Angelini che commenta cos\u00ec: &#8220;Ci siamo battuti come leoni, ma contro la squadra pi\u00f9 forte del campionato al momento non basta.<\/p>\n<p>Ad un certo punto la forbice si \u00e8 aperta e non siamo pi\u00f9 stati capaci di chiuderla&#8221;.<\/p>\n<p>Infine, Angelini approfitta per fare gli auguri: &#8220;Auguro un Buon Natale a tutti&#8221;.<\/p>\n","protected":false},"excerpt":{"rendered":"<p>Savona. Non esiste nella mentalit\u00e0 della Carisa e di mister Angelini in particolare la possibilit\u00e0 di entrare in acqua gi\u00e0 da battuti. E, anche contro la capolista Brescia, la Rari Nantes conferma che, prima di darsi battuti, i biancorossi\u00a0vendono cara la pelle. Lo conferma l&#8217;allenatore Alberto Angelini che commenta cos\u00ec: &#8220;Ci siamo battuti come leoni, [&hellip;]<\/p>\n","protected":false},"author":13744,"featured_media":0,"comment_status":"open","ping_status":"closed","sticky":false,"template":"","format":"standard","meta":{"footnotes":""},"categories":[47714],"tags":[12195,166,165,3676],"class_list":["post-255337","post","type-post","status-publish","format-standard","hentry","category-pallanuoto-sport","tag-brescia","tag-pallanuoto","tag-rari-nantes-savona","tag-serie-a1","post_cat_citta-savona"],"amp_validity":null,"amp_enabled":true,"_links":{"self":[{"href":"https:\/\/staging.ivg.it\/ediapi\/wp\/v2\/posts\/255337","targetHints":{"allow":["GET"]}}],"collection":[{"href":"https:\/\/staging.ivg.it\/ediapi\/wp\/v2\/posts"}],"about":[{"href":"https:\/\/staging.ivg.it\/ediapi\/wp\/v2\/types\/post"}],"author":[{"embeddable":true,"href":"https:\/\/staging.ivg.it\/ediapi\/wp\/v2\/users\/13744"}],"replies":[{"embeddable":true,"href":"https:\/\/staging.ivg.it\/ediapi\/wp\/v2\/comments?post=255337"}],"version-history":[{"count":0,"href":"https:\/\/staging.ivg.it\/ediapi\/wp\/v2\/posts\/255337\/revisions"}],"wp:attachment":[{"href":"https:\/\/staging.ivg.it\/ediapi\/wp\/v2\/media?parent=255337"}],"wp:term":[{"taxonomy":"category","embeddable":true,"href":"https:\/\/staging.ivg.it\/ediapi\/wp\/v2\/categories?post=255337"},{"taxonomy":"post_tag","embeddable":true,"href":"https:\/\/staging.ivg.it\/ediapi\/wp\/v2\/tags?post=255337"}],"curies":[{"name":"wp","href":"https:\/\/api.w.org\/{rel}","templated":true}]}}