{"id":255309,"date":"2013-12-21T11:02:16","date_gmt":"2013-12-21T10:02:16","guid":{"rendered":"http:\/\/www.ivg.it\/?p=255309"},"modified":"2013-12-23T09:18:57","modified_gmt":"2013-12-23T08:18:57","slug":"san-pietro-magliolo-bimbo-6-anni-riceve-lettera-dal-papa-il-piccolo-gli-aveva-lasciato-dono-ludienza","status":"publish","type":"post","link":"https:\/\/staging.ivg.it\/2013\/12\/san-pietro-magliolo-bimbo-6-anni-riceve-lettera-dal-papa-il-piccolo-gli-aveva-lasciato-dono-ludienza\/","title":{"rendered":"Da San Pietro a Magliolo, bimbo di 6 anni riceve una lettera dal Papa: il piccolo gli aveva lasciato un dono dopo l&#8217;Udienza"},"content":{"rendered":"<p><strong>Magliolo<\/strong>. A Natale manca ancora qualche giorno, ma Simone, 6 anni, da Magliolo, il suo regalo pi\u00f9 prezioso l&#8217;ha gi\u00e0 ricevuto. Il piccolo sicuramente non scorder\u00e0 facilmente questo Natale visto che, sotto l&#8217;albero, ha trovato una lettera di Papa Francesco. Un messaggio personalizzato di ringraziamento e di auguri che non \u00e8 arrivato a Magliolo per caso, ma dopo una visita di Simone e della sua famiglia nella Santa Sede.<\/p>\n<p>Tutto inizia il 30 ottobre scorso quando il bimbo ed i genitori vanno in pellegrinaggio a Roma. Insieme ad altri fedeli partecipano ad un&#8217;udienza generale del Santo Padre. In piazza San Pietro, sapendo che il Papa avrebbe salutato la folla, Simone decide di scrivere sopra una bandierina con i colori del Vaticano un messaggio per lui. Sul cartone il bimbo compone un pensiero per il Pontefice e appunta anche il suo indirizzo. Terminata l&#8217;udienza generale ecco il momento tanto atteso: il Papa passa tra i fedeli, stringe mani, accarezza i bambini, saluta. Simone lo attende con ansia per consegnargli la bandiera, ma Papa Francesco si ferma a pochi metri da lui per poi continuare il suo giro.<\/p>\n<p>La delusione del piccolo di Magliolo \u00e8 tantissima e nemmeno il fatto di aver visto il Santo Padre cos\u00ec da vicino sembra essere una consolazione. Simone \u00e8 triste e quando si incammina per lasciare piazza San Pietro stringe ancora la sua bandierina tra le mani. Qui l&#8217;incontro risolutivo: un poliziotto lo vede e gli domanda il perch\u00e9 del suo umore. Il bimbo gli mostra il messaggio per il Papa: &#8220;Dovevo darla a Francesco&#8221;. Allora l&#8217;agente lo rassicura: &#8220;Non ti preoccupare, lasciala a me. Ci penso io a farla avere a Francesco&#8221;. Simone non se lo fa ripetere due volte e consegna la bandierina al poliziotto, allontanandosi con il sorriso. I suoi genitori confidano che, in quel momento, non avrebbero mai immaginato quello che sarebbe successo: &#8220;Credevamo glielo avesse detto per rasserenarlo, ma non ci aspettevamo la facesse davvero arrivare al Papa&#8221;.<\/p>\n<p>Invece quella bandierina il Santo Padre l&#8217;ha ricevuta davvero tanto che, per ringraziare il piccolo fedele di Magliolo, ha chiesto alla sua Segreteria di Stato di mandargli un messaggio di ringraziamento. Detto e fatto. Gioved\u00ec mattina nella buca delle lettere di una casa di Magliolo \u00e8 arrivata una busta da Roma: &#8220;Caro Simone, in occasione dell&#8217;Udienza generale del 30 ottobre scorso, il Santo Padre Francesco ha ricevuto in dono una bandierina accompagnata da una tua dedica. Il Sommo Ponmtefice di ringrazie per il premuroso pensiero e per i sentimenti che l&#8217;hanno suggerito e, mentre ti chiede di pregare per la Sua persona e per il Suo servizio alla Chiesa, invoca la materna protezione della Vergine Santa e di cuore imparte a te e a quanti ti vogliono bene la Benedizione Apostolica, volentieri estendendola alla persone care&#8221;. Un regalo di Natale che difficilmente Simone potr\u00e0 dimenticare.<\/p>\n","protected":false},"excerpt":{"rendered":"<p>Magliolo. A Natale manca ancora qualche giorno, ma Simone, 6 anni, da Magliolo, il suo regalo pi\u00f9 prezioso l&#8217;ha gi\u00e0 ricevuto. Il piccolo sicuramente non scorder\u00e0 facilmente questo Natale visto che, sotto l&#8217;albero, ha trovato una lettera di Papa Francesco. Un messaggio personalizzato di ringraziamento e di auguri che non \u00e8 arrivato a Magliolo per [&hellip;]<\/p>\n","protected":false},"author":2394,"featured_media":0,"comment_status":"open","ping_status":"closed","sticky":false,"template":"","format":"standard","meta":{"footnotes":""},"categories":[34],"tags":[521,85914,1089,46163],"class_list":["post-255309","post","type-post","status-publish","format-standard","hentry","category-cronaca","tag-lettera","tag-magliolo","tag-papa","tag-papa-francesco","post_cat_citta-magliolo"],"amp_validity":null,"amp_enabled":true,"_links":{"self":[{"href":"https:\/\/staging.ivg.it\/ediapi\/wp\/v2\/posts\/255309","targetHints":{"allow":["GET"]}}],"collection":[{"href":"https:\/\/staging.ivg.it\/ediapi\/wp\/v2\/posts"}],"about":[{"href":"https:\/\/staging.ivg.it\/ediapi\/wp\/v2\/types\/post"}],"author":[{"embeddable":true,"href":"https:\/\/staging.ivg.it\/ediapi\/wp\/v2\/users\/2394"}],"replies":[{"embeddable":true,"href":"https:\/\/staging.ivg.it\/ediapi\/wp\/v2\/comments?post=255309"}],"version-history":[{"count":0,"href":"https:\/\/staging.ivg.it\/ediapi\/wp\/v2\/posts\/255309\/revisions"}],"wp:attachment":[{"href":"https:\/\/staging.ivg.it\/ediapi\/wp\/v2\/media?parent=255309"}],"wp:term":[{"taxonomy":"category","embeddable":true,"href":"https:\/\/staging.ivg.it\/ediapi\/wp\/v2\/categories?post=255309"},{"taxonomy":"post_tag","embeddable":true,"href":"https:\/\/staging.ivg.it\/ediapi\/wp\/v2\/tags?post=255309"}],"curies":[{"name":"wp","href":"https:\/\/api.w.org\/{rel}","templated":true}]}}