{"id":255276,"date":"2013-12-20T13:31:53","date_gmt":"2013-12-20T12:31:53","guid":{"rendered":"http:\/\/www.ivg.it\/?p=255276"},"modified":"2013-12-20T13:31:53","modified_gmt":"2013-12-20T12:31:53","slug":"cairo-mercato-settimanale-anticipato-alla-domenica","status":"publish","type":"post","link":"https:\/\/staging.ivg.it\/2013\/12\/cairo-mercato-settimanale-anticipato-alla-domenica\/","title":{"rendered":"Cairo, mercato settimanale anticipato alla domenica"},"content":{"rendered":"<p><strong>Cairo Montenotte<\/strong>. Poich\u00e9 il giorno di abituale svolgimento del mercato settimanale, il gioved\u00ec, nella settimana di Natale cade in un giorno festivo, il mercato sar\u00e0 anticipato a domenica 22 dicembre.<\/p>\n<p>Per l\u2019occasione si potr\u00e0 beneficiare della possibilit\u00e0 di parcheggiare gratuitamente nei parcheggi a pagamento del centro citt\u00e0, concessa dall\u2019amministrazione per favorire i cittadini e le attivit\u00e0 commerciali, nei giorni da venerd\u00ec 20 dicembre a marted\u00ec 24 dicembre compresi.<\/p>\n","protected":false},"excerpt":{"rendered":"<p>Cairo Montenotte. Poich\u00e9 il giorno di abituale svolgimento del mercato settimanale, il gioved\u00ec, nella settimana di Natale cade in un giorno festivo, il mercato sar\u00e0 anticipato a domenica 22 dicembre. Per l\u2019occasione si potr\u00e0 beneficiare della possibilit\u00e0 di parcheggiare gratuitamente nei parcheggi a pagamento del centro citt\u00e0, concessa dall\u2019amministrazione per favorire i cittadini e le [&hellip;]<\/p>\n","protected":false},"author":13744,"featured_media":0,"comment_status":"open","ping_status":"closed","sticky":false,"template":"","format":"standard","meta":{"footnotes":""},"categories":[],"tags":[85987,571,19042],"class_list":["post-255276","post","type-post","status-publish","format-standard","hentry","tag-cairo-montenotte","tag-domenica","tag-mercato-settimanale","post_cat_citta-cairo-montenotte"],"amp_validity":null,"amp_enabled":true,"_links":{"self":[{"href":"https:\/\/staging.ivg.it\/ediapi\/wp\/v2\/posts\/255276","targetHints":{"allow":["GET"]}}],"collection":[{"href":"https:\/\/staging.ivg.it\/ediapi\/wp\/v2\/posts"}],"about":[{"href":"https:\/\/staging.ivg.it\/ediapi\/wp\/v2\/types\/post"}],"author":[{"embeddable":true,"href":"https:\/\/staging.ivg.it\/ediapi\/wp\/v2\/users\/13744"}],"replies":[{"embeddable":true,"href":"https:\/\/staging.ivg.it\/ediapi\/wp\/v2\/comments?post=255276"}],"version-history":[{"count":0,"href":"https:\/\/staging.ivg.it\/ediapi\/wp\/v2\/posts\/255276\/revisions"}],"wp:attachment":[{"href":"https:\/\/staging.ivg.it\/ediapi\/wp\/v2\/media?parent=255276"}],"wp:term":[{"taxonomy":"category","embeddable":true,"href":"https:\/\/staging.ivg.it\/ediapi\/wp\/v2\/categories?post=255276"},{"taxonomy":"post_tag","embeddable":true,"href":"https:\/\/staging.ivg.it\/ediapi\/wp\/v2\/tags?post=255276"}],"curies":[{"name":"wp","href":"https:\/\/api.w.org\/{rel}","templated":true}]}}