{"id":255169,"date":"2013-12-19T10:32:28","date_gmt":"2013-12-19T09:32:28","guid":{"rendered":"http:\/\/www.ivg.it\/?p=255169"},"modified":"2013-12-20T10:05:38","modified_gmt":"2013-12-20T09:05:38","slug":"prefettura-consegnate-le-onorificenze-dellordine-al-merito-della-repubblica-italiana","status":"publish","type":"post","link":"https:\/\/staging.ivg.it\/2013\/12\/prefettura-consegnate-le-onorificenze-dellordine-al-merito-della-repubblica-italiana\/","title":{"rendered":"Prefettura: consegnate le onorificenze OMRI. Basilicata: &#8220;Queste persone ci danno un segnale di speranza&#8221;"},"content":{"rendered":"<p><strong>Savona<\/strong>. A partire dalle ore 10 di oggi, presso la Prefettura, si \u00e8 tenuta la cerimonia di consegna dei diplomi delle onorificenze dell\u2019Ordine al Merito della Repubblica Italiana concesse dal Presidente della Repubblica il 2 giugno scorso a 14 cittadini savonesi.<\/p>\n<p>Hanno ricevuto il diploma di cavaliere il geom. Pier Giorgio Accinelli, il sig. Giuliano Becco, il sig. Maurizio Bertuzzo, il sig. Vittorio Sebastiano Bonifacino, il sig. Alessandro Calcagno, il sig. Giuseppe Ciuti, il prof. Carlo Colla, il luogoten. cc Giuseppe Corrado, la sig.ra Elisabetta Favetta, il geom. Pierluigi Formica, la dott.ssa Francesca Imperiale, l\u2019app. scelto cc Roberto Polidori, il sig. Elvio Stenca.<\/p>\n<p>Ricever\u00e0 inoltre il diploma di ufficiale il sig. Nello Scrimaglio. Nell\u2019occasione sar\u00e0 consegnata al mar. capo cc in congedo Giorgio Cucca, ferito a Nassirya, la medaglia d\u2019oro a ricordo dell\u2019onorificenza di \u201cVittima del Terrorismo\u201d conferitagli dal Presidente della Repubblica.<\/p>\n<p>Il prefetto Gerardina Basilicata dichiara: &#8220;Per noi \u00e8 una giornata molto significativa, soprattutto in questo momento di difficolt\u00e0 queste persone ci danno un segnale di speranza e un segnale di fiducia. E&#8217; il merito che viene riconosciuto. Questo vale soprattutto per i giovani&#8221;.<\/p>\n<p>&#8220;Il messaggio per il 2014 \u00e8 rivolto ai giovani e a tutti quelli che sono in difficolt\u00e0 &#8211; prosegue -. Per me il Natale \u00e8 un punto di partenza, festeggiato non solo dai cattolici ma da tutte le civilt\u00e0. Un punto di partenza per un 2014 migliore, con l&#8217;impegno di tutte le istituzioni e di tutti coloro che si impegnano quotidianamente nella societ\u00e0 civile&#8221;.<\/p>\n<p>Quale 2014 sar\u00e0, sul fronte della sicurezza, per il territorio savonese? &#8220;Ho avuto modo di dire che anni facili non ne ho mai vissuti &#8211; afferma il prefetto -. O in un modo o nell&#8217;altro dobbiamo sempre rimboccarci le maniche e stare insieme alla gente per superare le difficolt\u00e0. Spero che il 2014 sia migliore per tutti; queste speranze sono appoggiate da segnali positivi. Sul fronte della sicurezza molto \u00e8 stato fatto, molto c&#8217;\u00e8 da fare. Con l&#8217;impegno di tutti verremo fuori da questa situazione di difficolt\u00e0&#8221;.<\/p>\n<p>Un periodo che si vive con una certa preoccupazione. &#8220;La preoccupazione \u00e8 anche un modo per essere responsabili nei momenti difficili &#8211; sottolinea Basilicata &#8211; ma c&#8217;\u00e8 la consapevolezza che si sta facendo di tutto per venire fuori da questo momento&#8221;.<\/p>\n","protected":false},"excerpt":{"rendered":"<p>Savona. A partire dalle ore 10 di oggi, presso la Prefettura, si \u00e8 tenuta la cerimonia di consegna dei diplomi delle onorificenze dell\u2019Ordine al Merito della Repubblica Italiana concesse dal Presidente della Repubblica il 2 giugno scorso a 14 cittadini savonesi. Hanno ricevuto il diploma di cavaliere il geom. Pier Giorgio Accinelli, il sig. Giuliano [&hellip;]<\/p>\n","protected":false},"author":13744,"featured_media":0,"comment_status":"open","ping_status":"closed","sticky":false,"template":"","format":"standard","meta":{"footnotes":""},"categories":[],"tags":[37737,36372,755,85850],"class_list":["post-255169","post","type-post","status-publish","format-standard","hentry","tag-gerardina-basilicata","tag-giorgio-cucca","tag-prefettura","tag-savona","post_cat_citta-andora","post_cat_citta-savona"],"amp_validity":null,"amp_enabled":true,"_links":{"self":[{"href":"https:\/\/staging.ivg.it\/ediapi\/wp\/v2\/posts\/255169","targetHints":{"allow":["GET"]}}],"collection":[{"href":"https:\/\/staging.ivg.it\/ediapi\/wp\/v2\/posts"}],"about":[{"href":"https:\/\/staging.ivg.it\/ediapi\/wp\/v2\/types\/post"}],"author":[{"embeddable":true,"href":"https:\/\/staging.ivg.it\/ediapi\/wp\/v2\/users\/13744"}],"replies":[{"embeddable":true,"href":"https:\/\/staging.ivg.it\/ediapi\/wp\/v2\/comments?post=255169"}],"version-history":[{"count":0,"href":"https:\/\/staging.ivg.it\/ediapi\/wp\/v2\/posts\/255169\/revisions"}],"wp:attachment":[{"href":"https:\/\/staging.ivg.it\/ediapi\/wp\/v2\/media?parent=255169"}],"wp:term":[{"taxonomy":"category","embeddable":true,"href":"https:\/\/staging.ivg.it\/ediapi\/wp\/v2\/categories?post=255169"},{"taxonomy":"post_tag","embeddable":true,"href":"https:\/\/staging.ivg.it\/ediapi\/wp\/v2\/tags?post=255169"}],"curies":[{"name":"wp","href":"https:\/\/api.w.org\/{rel}","templated":true}]}}