{"id":255167,"date":"2013-12-19T10:20:22","date_gmt":"2013-12-19T09:20:22","guid":{"rendered":"http:\/\/www.ivg.it\/?p=255167"},"modified":"2013-12-19T19:17:06","modified_gmt":"2013-12-19T18:17:06","slug":"aics-savona-uniti-lo-sport-allinsegna-della-solidarieta","status":"publish","type":"post","link":"https:\/\/staging.ivg.it\/2013\/12\/aics-savona-uniti-lo-sport-allinsegna-della-solidarieta\/","title":{"rendered":"Aics, Savona:  \u201cUniti con lo sport\u201d all&#8217;insegna della solidariet\u00e0"},"content":{"rendered":"<p><strong>Savona<\/strong>. Il Comitato provinciale di Savona dell&#8217;Aics organizza, nella giornata di domenica 22 dicembre, con il patrocinio del Comune di Savona, una manifestazione a carattere sportivo e musicale denominata \u201cUniti con lo sport\u201d, all&#8217;insegna della solidariet\u00e0, che si terr\u00e0 nel palazzetto dello sport di corso Tardy e Benech dalle ore 14,30 alle ore 19,30.<\/p>\n<p>Il mondo della promozione sportiva e del terzo settore, di cui Aics \u00e8 parte integrante, rivestono senz&#8217;altro un ruolo di grande patrimonio di etiche e di risorse umane e risultano connotati da valenze educative, formative e salutiste che nell&#8217;insieme costituiscono importanti percorsi di cittadinanza e di riorganizzazione dei nuovi sistemi di welfare in Italia.<\/p>\n<p>L&#8217;iniziativa, che si inserisce nel perseguimento delle finalit\u00e0 statutarie proprie di Aics e senza finalit\u00e0 di lucro, coinvolge numerosi nostri circoli affiliati con l&#8217;intento di dare spazio ai giovani, alle famiglie, agli amatori e a tutti i cittadini interessati ad uno stile di vita attivo.<\/p>\n<p>Il ricavato dell&#8217;iniziativa aperta a quanti vogliono vivere una giornata di sport e musica in una grande festa dello sport e della solidariet\u00e0, sar\u00e0 devoluto all&#8217;Aism &#8211; Associazione Italiana Sclerosi Multipla di Savona. &#8220;Uniti con lo Sport&#8221; \u00e8 infatti una festa interamente dedicata al sostegno delle attivit\u00e0 a supporto dell&#8217;autonomia delle persone con sclerosi multipla di Savona e Provincia.<\/p>\n<p>Presenter\u00e0 Paolo Nobel. A partire dalle 14,30 si alterneranno Semplicemente Danza, Oasi Latina con uno stage di kizomba, la premiazione di Vanni Oddera, la premiazione dello Skate Zinola 2000 SMS Zinolese, la Pole Dance Liguria, Latin Studio. Chiusura con un buffet natalizio.<\/p>\n","protected":false},"excerpt":{"rendered":"<p>Savona. Il Comitato provinciale di Savona dell&#8217;Aics organizza, nella giornata di domenica 22 dicembre, con il patrocinio del Comune di Savona, una manifestazione a carattere sportivo e musicale denominata \u201cUniti con lo sport\u201d, all&#8217;insegna della solidariet\u00e0, che si terr\u00e0 nel palazzetto dello sport di corso Tardy e Benech dalle ore 14,30 alle ore 19,30. Il [&hellip;]<\/p>\n","protected":false},"author":13744,"featured_media":0,"comment_status":"open","ping_status":"closed","sticky":false,"template":"","format":"standard","meta":{"footnotes":""},"categories":[42377,32],"tags":[7048,85850],"class_list":["post-255167","post","type-post","status-publish","format-standard","hentry","category-altri-sport","category-sport","tag-aics","tag-savona","post_cat_citta-savona"],"amp_validity":null,"amp_enabled":true,"_links":{"self":[{"href":"https:\/\/staging.ivg.it\/ediapi\/wp\/v2\/posts\/255167","targetHints":{"allow":["GET"]}}],"collection":[{"href":"https:\/\/staging.ivg.it\/ediapi\/wp\/v2\/posts"}],"about":[{"href":"https:\/\/staging.ivg.it\/ediapi\/wp\/v2\/types\/post"}],"author":[{"embeddable":true,"href":"https:\/\/staging.ivg.it\/ediapi\/wp\/v2\/users\/13744"}],"replies":[{"embeddable":true,"href":"https:\/\/staging.ivg.it\/ediapi\/wp\/v2\/comments?post=255167"}],"version-history":[{"count":0,"href":"https:\/\/staging.ivg.it\/ediapi\/wp\/v2\/posts\/255167\/revisions"}],"wp:attachment":[{"href":"https:\/\/staging.ivg.it\/ediapi\/wp\/v2\/media?parent=255167"}],"wp:term":[{"taxonomy":"category","embeddable":true,"href":"https:\/\/staging.ivg.it\/ediapi\/wp\/v2\/categories?post=255167"},{"taxonomy":"post_tag","embeddable":true,"href":"https:\/\/staging.ivg.it\/ediapi\/wp\/v2\/tags?post=255167"}],"curies":[{"name":"wp","href":"https:\/\/api.w.org\/{rel}","templated":true}]}}