{"id":255091,"date":"2013-12-17T17:41:50","date_gmt":"2013-12-17T16:41:50","guid":{"rendered":"http:\/\/www.ivg.it\/?p=255091"},"modified":"2013-12-17T17:48:23","modified_gmt":"2013-12-17T16:48:23","slug":"sala-rossa-la-presentazione-del-libro-stellina-ed-la-figlia-malata-leucemia-racconta-13-anni-lotta-la-malattia","status":"publish","type":"post","link":"https:\/\/staging.ivg.it\/2013\/12\/sala-rossa-la-presentazione-del-libro-stellina-ed-la-figlia-malata-leucemia-racconta-13-anni-lotta-la-malattia\/","title":{"rendered":"A Savona la presentazione di &#8220;Stellina ed io&#8221;: la figlia di una malata di leucemia racconta 13 anni di lotta con la malattia"},"content":{"rendered":"<p><strong>Savona<\/strong>. &#8220;Stellina ed io&#8221; \u00e8 un diario fotografico dedicato a Rosalba Dallorto, morta nel 2012, dopo aver combattuto contro la leucemia per tredici anni. A scriverlo \u00e8 stata la figlia Cinzia che, gioved\u00ec 19 dicembre, lo presenter\u00e0 nella Sala Rossa del Comune di Savona alle ore 17.<\/p>\n<p>Il volume ripercorre la vita di Rosalba, cercando di trasmettere, attraverso immagini e parole, l\u2019allegria ed il coraggio che l\u2019hanno contraddistinta, dimostrando sia a chi l\u2019ha conosciuta sia a chi la incontrer\u00e0 per la prima volta tra le pagine di questo piccolo libro, che si pu\u00f2 convivere con leggerezza anche con il destino pi\u00f9 arduo.<\/p>\n<p>Rosalba si \u00e8 avvalsa a lungo per contrastare la malattia, che l\u2019aveva colpita a soli 60 anni, di un farmaco di nuova generazione, &#8220;Imatinib&#8221;, frutto della ricerca scientifica pi\u00f9 avanzata. Gioved\u00ec chi vorr\u00e0 onorarne il ricordo, la generosit\u00e0 che l\u2019ha sempre accompagnata e ricevere il libro potr\u00e0 fare un offerta ad A.S.C.O.LL, l\u2019associazione savonese contro le leucemie, di cui l\u2019autrice \u00e8 vicepresidente.<\/p>\n<p>L&#8217;evento \u00e8 p\u00e8atrocinato dal Comune di Savona, da A.S.C.O.LL e dal gruppo savonese dell\u2019Associazione Marinai d\u2019Italia.<\/p>\n","protected":false},"excerpt":{"rendered":"<p>Savona. &#8220;Stellina ed io&#8221; \u00e8 un diario fotografico dedicato a Rosalba Dallorto, morta nel 2012, dopo aver combattuto contro la leucemia per tredici anni. A scriverlo \u00e8 stata la figlia Cinzia che, gioved\u00ec 19 dicembre, lo presenter\u00e0 nella Sala Rossa del Comune di Savona alle ore 17. Il volume ripercorre la vita di Rosalba, cercando [&hellip;]<\/p>\n","protected":false},"author":13744,"featured_media":0,"comment_status":"open","ping_status":"closed","sticky":false,"template":"","format":"standard","meta":{"footnotes":""},"categories":[],"tags":[46677,2417,85850],"class_list":["post-255091","post","type-post","status-publish","format-standard","hentry","tag-leucemia","tag-libro","tag-savona","post_cat_citta-savona"],"amp_validity":null,"amp_enabled":true,"_links":{"self":[{"href":"https:\/\/staging.ivg.it\/ediapi\/wp\/v2\/posts\/255091","targetHints":{"allow":["GET"]}}],"collection":[{"href":"https:\/\/staging.ivg.it\/ediapi\/wp\/v2\/posts"}],"about":[{"href":"https:\/\/staging.ivg.it\/ediapi\/wp\/v2\/types\/post"}],"author":[{"embeddable":true,"href":"https:\/\/staging.ivg.it\/ediapi\/wp\/v2\/users\/13744"}],"replies":[{"embeddable":true,"href":"https:\/\/staging.ivg.it\/ediapi\/wp\/v2\/comments?post=255091"}],"version-history":[{"count":0,"href":"https:\/\/staging.ivg.it\/ediapi\/wp\/v2\/posts\/255091\/revisions"}],"wp:attachment":[{"href":"https:\/\/staging.ivg.it\/ediapi\/wp\/v2\/media?parent=255091"}],"wp:term":[{"taxonomy":"category","embeddable":true,"href":"https:\/\/staging.ivg.it\/ediapi\/wp\/v2\/categories?post=255091"},{"taxonomy":"post_tag","embeddable":true,"href":"https:\/\/staging.ivg.it\/ediapi\/wp\/v2\/tags?post=255091"}],"curies":[{"name":"wp","href":"https:\/\/api.w.org\/{rel}","templated":true}]}}