{"id":255050,"date":"2013-12-17T12:32:33","date_gmt":"2013-12-17T11:32:33","guid":{"rendered":"http:\/\/www.ivg.it\/?p=255050"},"modified":"2013-12-17T16:00:59","modified_gmt":"2013-12-17T15:00:59","slug":"il-primo-anno-del-prefetto-basilicata-emergenze-forconi-mai-abbassare-la-guardia-segno-malessere-sottovalutare","status":"publish","type":"post","link":"https:\/\/staging.ivg.it\/2013\/12\/il-primo-anno-del-prefetto-basilicata-emergenze-forconi-mai-abbassare-la-guardia-segno-malessere-sottovalutare\/","title":{"rendered":"Il primo anno del prefetto Basilicata, tra emergenze e forconi: &#8220;Mai abbassare la guardia, segno di un malessere da non sottovalutare&#8221;"},"content":{"rendered":"<p><strong>Savona.<\/strong> Il primo anno savonese del prefetto Gerardina Basilicata \u00e8 stato molto intenso e ha avuto la sua &#8220;impegnativa&#8221; conclusione con l&#8217;emergenza portata in citt\u00e0 dalla protesta dei forconi, con i blocchi del traffico e i cortei improvvisati che hanno creato caos e disagi ai cittadini. Protesta che da questa sera si conclude ufficialmente con la comunicazione al questore della fine anche del presidio di piazza Saffi.<\/p>\n<p>&#8220;Nella mia carriera non ho mai conosciuto anni semplici, ci sono sempre difficolt\u00e0 da superare, l&#8217;importante \u00e8 l&#8217;impegno delle istituzioni per assicurare pace e serenit\u00e0 ai cittadini &#8211; dice il prefetto di Savona a margine della cerimonia di benedizione del presepe nell&#8217;atrio della sede della Provincia &#8211; Questo \u00e8 il nostro lavoro, lo abbiamo svolto in passato e lo faremo in futuro. Per quanto riguarda i forconi, il questore mi ha comunicato ufficilamente che i promotori porranno fine nelle prossime ore al presidio. L&#8217;attenzione comunque rimane sempre alta, anche perch\u00e9 c&#8217;\u00e8 da tenere presente che la protesta nasce da un disagio che non dobbiamo assolutamente dimenticare&#8221;.<\/p>\n<p>Il prefetto traccia infine un bilancio del primo anno nella citt\u00e0 della Torretta: &#8220;E&#8217; stato un anno intenso, trascorso molto velocemente come accade quando ci sono tanti compiti da svolgere. Sul piano della sicurezza e della legalit\u00e0 abbiamo fatto molto e molto c&#8217;\u00e8 ancora da fare. Questi giorni hanno dimostrato che non bisogna mai abbassare la guardia&#8221;.<\/p>\n","protected":false},"excerpt":{"rendered":"<p>Savona. Il primo anno savonese del prefetto Gerardina Basilicata \u00e8 stato molto intenso e ha avuto la sua &#8220;impegnativa&#8221; conclusione con l&#8217;emergenza portata in citt\u00e0 dalla protesta dei forconi, con i blocchi del traffico e i cortei improvvisati che hanno creato caos e disagi ai cittadini. Protesta che da questa sera si conclude ufficialmente con [&hellip;]<\/p>\n","protected":false},"author":13744,"featured_media":0,"comment_status":"open","ping_status":"closed","sticky":false,"template":"","format":"standard","meta":{"footnotes":""},"categories":[34],"tags":[50774,37737,893,85850],"class_list":["post-255050","post","type-post","status-publish","format-standard","hentry","category-cronaca","tag-forconi","tag-gerardina-basilicata","tag-prefetto","tag-savona","post_cat_citta-savona"],"amp_validity":null,"amp_enabled":true,"_links":{"self":[{"href":"https:\/\/staging.ivg.it\/ediapi\/wp\/v2\/posts\/255050","targetHints":{"allow":["GET"]}}],"collection":[{"href":"https:\/\/staging.ivg.it\/ediapi\/wp\/v2\/posts"}],"about":[{"href":"https:\/\/staging.ivg.it\/ediapi\/wp\/v2\/types\/post"}],"author":[{"embeddable":true,"href":"https:\/\/staging.ivg.it\/ediapi\/wp\/v2\/users\/13744"}],"replies":[{"embeddable":true,"href":"https:\/\/staging.ivg.it\/ediapi\/wp\/v2\/comments?post=255050"}],"version-history":[{"count":0,"href":"https:\/\/staging.ivg.it\/ediapi\/wp\/v2\/posts\/255050\/revisions"}],"wp:attachment":[{"href":"https:\/\/staging.ivg.it\/ediapi\/wp\/v2\/media?parent=255050"}],"wp:term":[{"taxonomy":"category","embeddable":true,"href":"https:\/\/staging.ivg.it\/ediapi\/wp\/v2\/categories?post=255050"},{"taxonomy":"post_tag","embeddable":true,"href":"https:\/\/staging.ivg.it\/ediapi\/wp\/v2\/tags?post=255050"}],"curies":[{"name":"wp","href":"https:\/\/api.w.org\/{rel}","templated":true}]}}