{"id":254995,"date":"2013-12-16T12:23:50","date_gmt":"2013-12-16T11:23:50","guid":{"rendered":"http:\/\/www.ivg.it\/?p=254995"},"modified":"2013-12-17T08:32:50","modified_gmt":"2013-12-17T07:32:50","slug":"savona-la-protesta-dei-forconi-si-spegne-piccolo-presidio-piazza-del-popolo","status":"publish","type":"post","link":"https:\/\/staging.ivg.it\/2013\/12\/savona-la-protesta-dei-forconi-si-spegne-piccolo-presidio-piazza-del-popolo\/","title":{"rendered":"Savona, la protesta dei forconi si spegne: piccolo presidio in piazza del Popolo"},"content":{"rendered":"<p><strong>Savona.<\/strong> Si \u00e8 ridotta a un modesto presidio la protesta dei forconi savonesi. Dopo giorni di caos, con blocchi alla viabilit\u00e0 e cortei nelle zone centrali della citt\u00e0, i (pochi) manifestanti di oggi si sono ritrovati in piazza del Popolo con i loro striscioni e slogan.<\/p>\n<p>Un ritorno alla normalit\u00e0, quindi, che non dovrebbe pi\u00f9 creare disagi ai cittadini. La protesta, animata in particolare da giovanissimi e a volte guidata da personaggi &#8220;discussi&#8221;, ha tenuto in scacco la citt\u00e0 per alcuni giorni, con persone sedute in mezzo alla strada per impedire la circolazione, cortei che si muovevano per i vari quartieri all&#8217;insegna dell&#8217;improvvisazione, sit-in davanti alla sede di Equitalia e davanti al Comune, comizi fai-da-te nell&#8217;unica zona di presidio autorizzata, ossia piazza Saffi.<\/p>\n<p>Manifestazioni che hanno portato il sindaco, Federico Berruti, a incontrare in particolare gli studenti assicurando loro ascolto in cambio di un ritorno alla normalit\u00e0, e il vice sindaco, Livio Di Tullio, a criticare prefetto e questore per una gestione della situazione ritenuta troppo blanda. <\/p>\n","protected":false},"excerpt":{"rendered":"<p>Savona. Si \u00e8 ridotta a un modesto presidio la protesta dei forconi savonesi. Dopo giorni di caos, con blocchi alla viabilit\u00e0 e cortei nelle zone centrali della citt\u00e0, i (pochi) manifestanti di oggi si sono ritrovati in piazza del Popolo con i loro striscioni e slogan. Un ritorno alla normalit\u00e0, quindi, che non dovrebbe pi\u00f9 [&hellip;]<\/p>\n","protected":false},"author":13744,"featured_media":0,"comment_status":"open","ping_status":"closed","sticky":false,"template":"","format":"standard","meta":{"footnotes":""},"categories":[34],"tags":[50774,85850],"class_list":["post-254995","post","type-post","status-publish","format-standard","hentry","category-cronaca","tag-forconi","tag-savona","post_cat_citta-savona"],"amp_validity":null,"amp_enabled":true,"_links":{"self":[{"href":"https:\/\/staging.ivg.it\/ediapi\/wp\/v2\/posts\/254995","targetHints":{"allow":["GET"]}}],"collection":[{"href":"https:\/\/staging.ivg.it\/ediapi\/wp\/v2\/posts"}],"about":[{"href":"https:\/\/staging.ivg.it\/ediapi\/wp\/v2\/types\/post"}],"author":[{"embeddable":true,"href":"https:\/\/staging.ivg.it\/ediapi\/wp\/v2\/users\/13744"}],"replies":[{"embeddable":true,"href":"https:\/\/staging.ivg.it\/ediapi\/wp\/v2\/comments?post=254995"}],"version-history":[{"count":0,"href":"https:\/\/staging.ivg.it\/ediapi\/wp\/v2\/posts\/254995\/revisions"}],"wp:attachment":[{"href":"https:\/\/staging.ivg.it\/ediapi\/wp\/v2\/media?parent=254995"}],"wp:term":[{"taxonomy":"category","embeddable":true,"href":"https:\/\/staging.ivg.it\/ediapi\/wp\/v2\/categories?post=254995"},{"taxonomy":"post_tag","embeddable":true,"href":"https:\/\/staging.ivg.it\/ediapi\/wp\/v2\/tags?post=254995"}],"curies":[{"name":"wp","href":"https:\/\/api.w.org\/{rel}","templated":true}]}}